{"id":39421,"date":"2018-08-31T20:47:49","date_gmt":"2018-08-31T23:47:49","guid":{"rendered":"https:\/\/eldiariodesanpedro.com.ar\/sitio\/?p=39421"},"modified":"2018-08-31T20:47:49","modified_gmt":"2018-08-31T23:47:49","slug":"baradero-la-intendente-fernanda-antonijevic-recibio-a-fabian-perechodnik-secretario-general-del-gobierno-de-la-provincia","status":"publish","type":"post","link":"https:\/\/eldiariodesanpedro.com.ar\/sitio\/baradero-la-intendente-fernanda-antonijevic-recibio-a-fabian-perechodnik-secretario-general-del-gobierno-de-la-provincia\/","title":{"rendered":"BARADERO: La intendente Fernanda Antonijevic recibi\u00f3 a Fabi\u00e1n Perechodnik, secretario general del gobierno de la provincia"},"content":{"rendered":"<p><!-- VideographyWP Plugin Message: Automatic video embedding prevented by plugin options. --><br \/>\n  En el marco de la visita a la ciudad de Baradero, donde se reuni\u00f3 con la intendente Fernanda Antonijevic y el secretario de gobierno Mart\u00edn Genoud, Perechodnik afirm\u00f3 que \u201cla decisi\u00f3n pol\u00edtica de la gobernadora es que no se paren las obras\u201d y agreg\u00f3: \u201chay que estar en el lugar, conversar con los vecinos, escuchar los problemas que tienen, y siempre hay una forma de acercar soluciones; no estamos en el escritorio, estamos en las ciudades y en los barrios de la provincia\u201d.<\/p>\n<p>  \u201cEs dif\u00edcil revertir m\u00e1s de 20 a\u00f1os en dos a\u00f1os y medio. Sabemos que falta, pero nuestro trabajo es escuchar, ver; estamos avanzando y vamos a seguir haci\u00e9ndolo\u201d, asegur\u00f3 el Secretario General de la provincia.<\/p>\n<p>  \u201cEn dos a\u00f1os hemos invertido m\u00e1s de 21 mil millones de pesos en obras de infraestructura para educaci\u00f3n\u201d manifest\u00f3 el secretario general de la provincia, Fabi\u00e1n Perechodnik quien adem\u00e1s destac\u00f3 que \u201centre 2016 y 2018 hemos invertido m\u00e1s 21 mil millones de pesos en infraestructura escolar, con fondos provenientes tanto de naci\u00f3n como de la provincia\u201d reiterando que \u201cla decisi\u00f3n pol\u00edtica de la gobernadora es continuar con todas las obras\u201d y afirm\u00f3: \u201cestamos avanzando y vamos a seguir haci\u00e9ndolo\u201d.<\/p>\n<p>  Al respecto la intendente quiso dejar tranquilidad comunicando que el municipio no tiene fondos provinciales atrasados porque todas las obras de provincia se realizaron con fondos de infraestructura y de seguridad y manifest\u00f3 que \u201csi alguna obra est\u00e1 m\u00e1s atrasada que la otra tiene que ver con alguna dificultad con la obra misma o alguna exigencia con la empresa que hizo que la obra se retrase, pero no por cuesti\u00f3n de fondos\u201d y agreg\u00f3 que adem\u00e1s de las obras en marchas y las que est\u00e1n pr\u00f3xima a inaugurarse se avanza firmemente en proyectos de infraestructura manifestando que \u201cestamos trabajando con un proyecto nuevo con una obra de pavimento detr\u00e1s de La Estaci\u00f3n, estamos definiendo algunas cuestiones para avanzar\u201d.<\/p>\n<p>  Perechodnik y Antonijevic, acompa\u00f1ados adem\u00e1s por funcionarios y concejales de Cambiemos, recorrieron las instalaciones del nuevo edificio en donde funcionar\u00e1 la Direcci\u00f3n General de Seguridad e Inspecci\u00f3n y luego se trasladaron a la nueva Plaza de la Prefectura, pr\u00f3xima a inaugurar.<\/p>\n","protected":false},"excerpt":{"rendered":"<p>En el marco de la visita a la ciudad de Baradero, donde se reuni\u00f3 con la intendente Fernanda Antonijevic y el secretario de gobierno Mart\u00edn Genoud, Perechodnik afirm\u00f3 que \u201cla decisi\u00f3n pol\u00edtica de la gobernadora es que no se paren las obras\u201d y agreg\u00f3: \u201chay que estar en el lugar, conversar con los vecinos, escuchar [&hellip;]<\/p>\n","protected":false},"author":4,"featured_media":39423,"comment_status":"open","ping_status":"closed","sticky":false,"template":"","format":"standard","meta":{"om_disable_all_campaigns":false,"_jetpack_memberships_contains_paid_content":false,"footnotes":""},"categories":[621],"tags":[],"class_list":["post-39421","post","type-post","status-publish","format-standard","has-post-thumbnail","hentry","category-regionales"],"aioseo_notices":[],"gutentor_comment":0,"jetpack_featured_media_url":"https:\/\/eldiariodesanpedro.com.ar\/sitio\/wp-content\/uploads\/2018\/08\/Antonijevic-recibio-a-Fabian-Perechodnik.jpg","jetpack_shortlink":"https:\/\/wp.me\/p6RhLt-afP","jetpack_sharing_enabled":true,"_links":{"self":[{"href":"https:\/\/eldiariodesanpedro.com.ar\/sitio\/wp-json\/wp\/v2\/posts\/39421","targetHints":{"allow":["GET"]}}],"collection":[{"href":"https:\/\/eldiariodesanpedro.com.ar\/sitio\/wp-json\/wp\/v2\/posts"}],"about":[{"href":"https:\/\/eldiariodesanpedro.com.ar\/sitio\/wp-json\/wp\/v2\/types\/post"}],"author":[{"embeddable":true,"href":"https:\/\/eldiariodesanpedro.com.ar\/sitio\/wp-json\/wp\/v2\/users\/4"}],"replies":[{"embeddable":true,"href":"https:\/\/eldiariodesanpedro.com.ar\/sitio\/wp-json\/wp\/v2\/comments?post=39421"}],"version-history":[{"count":1,"href":"https:\/\/eldiariodesanpedro.com.ar\/sitio\/wp-json\/wp\/v2\/posts\/39421\/revisions"}],"predecessor-version":[{"id":39424,"href":"https:\/\/eldiariodesanpedro.com.ar\/sitio\/wp-json\/wp\/v2\/posts\/39421\/revisions\/39424"}],"wp:featuredmedia":[{"embeddable":true,"href":"https:\/\/eldiariodesanpedro.com.ar\/sitio\/wp-json\/wp\/v2\/media\/39423"}],"wp:attachment":[{"href":"https:\/\/eldiariodesanpedro.com.ar\/sitio\/wp-json\/wp\/v2\/media?parent=39421"}],"wp:term":[{"taxonomy":"category","embeddable":true,"href":"https:\/\/eldiariodesanpedro.com.ar\/sitio\/wp-json\/wp\/v2\/categories?post=39421"},{"taxonomy":"post_tag","embeddable":true,"href":"https:\/\/eldiariodesanpedro.com.ar\/sitio\/wp-json\/wp\/v2\/tags?post=39421"}],"curies":[{"name":"wp","href":"https:\/\/api.w.org\/{rel}","templated":true}]}}