{"id":39418,"date":"2018-08-31T20:45:42","date_gmt":"2018-08-31T23:45:42","guid":{"rendered":"https:\/\/eldiariodesanpedro.com.ar\/sitio\/?p=39418"},"modified":"2018-08-31T20:45:42","modified_gmt":"2018-08-31T23:45:42","slug":"campana-protestas-por-despidos-en-el-parque-industrial","status":"publish","type":"post","link":"https:\/\/eldiariodesanpedro.com.ar\/sitio\/campana-protestas-por-despidos-en-el-parque-industrial\/","title":{"rendered":"CAMPANA: Protestas por despidos en el Parque Industrial"},"content":{"rendered":"<p><!-- VideographyWP Plugin Message: Automatic video embedding prevented by plugin options. --><br \/>\nSiete trabajadores fueron desvinculados por el centro de log\u00edstica de Cetrogar, all\u00ed ubicado. Suman 16 en los \u00faltimos meses. Camioneros se manifestaron en el lugar.<\/p>\n<p>  Ayer se concret\u00f3 una asamblea en el Parque Industrial local, donde se encuentra ubicado desde 2015 el centro de distribuci\u00f3n de la empresa Cetrogar, tras una serie de despidos que dejaron a siete trabajadores en la calle.<br \/>\n  Al reclamo se sum\u00f3 el Sindicato de Camioneros, aunque \u201ccasualmente\u201d no hab\u00eda responsables de la firma en el lugar: su casa central se encuentra en Chaco, y dos gerentes locales se ausentaron por distintos motivos.<\/p>\n<p>  Los motivos de los despidos estar\u00edan relacionados a la ca\u00edda en las ventas que sufre el sector. Sin embargo, trabajadores aseguraron que, pese a ello, la empresa se estar\u00eda expandiendo. <\/p>\n<p>  Pasado el mediod\u00eda, llegaron hasta el lugar representantes del Ministerio de Trabajo para interiorizarse de la situaci\u00f3n. Mientras tanto, los trabajadores contin\u00faan esperando respuestas frente al dep\u00f3sito.<\/p>\n<p>  \u201cDe a poco, la empresa viene echando gente y parece que nadie lo nota\u201d explic\u00f3 uno de los damnificados. Ayer fueron cuatro los trabajadores que no pudieron acceder a sus puestos, los cuales se suman a otros tres, semanas anteriores, y contabilizan 16 en los \u00faltimos meses.<\/p>\n","protected":false},"excerpt":{"rendered":"<p>Siete trabajadores fueron desvinculados por el centro de log\u00edstica de Cetrogar, all\u00ed ubicado. Suman 16 en los \u00faltimos meses. Camioneros se manifestaron en el lugar. Ayer se concret\u00f3 una asamblea en el Parque Industrial local, donde se encuentra ubicado desde 2015 el centro de distribuci\u00f3n de la empresa Cetrogar, tras una serie de despidos que [&hellip;]<\/p>\n","protected":false},"author":4,"featured_media":39420,"comment_status":"open","ping_status":"closed","sticky":false,"template":"","format":"standard","meta":{"om_disable_all_campaigns":false,"_jetpack_memberships_contains_paid_content":false,"footnotes":""},"categories":[621],"tags":[],"class_list":["post-39418","post","type-post","status-publish","format-standard","has-post-thumbnail","hentry","category-regionales"],"aioseo_notices":[],"gutentor_comment":0,"jetpack_featured_media_url":"https:\/\/eldiariodesanpedro.com.ar\/sitio\/wp-content\/uploads\/2018\/08\/protesta-parque-industrial-campana.jpg","jetpack_shortlink":"https:\/\/wp.me\/p6RhLt-afM","jetpack_sharing_enabled":true,"_links":{"self":[{"href":"https:\/\/eldiariodesanpedro.com.ar\/sitio\/wp-json\/wp\/v2\/posts\/39418","targetHints":{"allow":["GET"]}}],"collection":[{"href":"https:\/\/eldiariodesanpedro.com.ar\/sitio\/wp-json\/wp\/v2\/posts"}],"about":[{"href":"https:\/\/eldiariodesanpedro.com.ar\/sitio\/wp-json\/wp\/v2\/types\/post"}],"author":[{"embeddable":true,"href":"https:\/\/eldiariodesanpedro.com.ar\/sitio\/wp-json\/wp\/v2\/users\/4"}],"replies":[{"embeddable":true,"href":"https:\/\/eldiariodesanpedro.com.ar\/sitio\/wp-json\/wp\/v2\/comments?post=39418"}],"version-history":[{"count":1,"href":"https:\/\/eldiariodesanpedro.com.ar\/sitio\/wp-json\/wp\/v2\/posts\/39418\/revisions"}],"predecessor-version":[{"id":39422,"href":"https:\/\/eldiariodesanpedro.com.ar\/sitio\/wp-json\/wp\/v2\/posts\/39418\/revisions\/39422"}],"wp:featuredmedia":[{"embeddable":true,"href":"https:\/\/eldiariodesanpedro.com.ar\/sitio\/wp-json\/wp\/v2\/media\/39420"}],"wp:attachment":[{"href":"https:\/\/eldiariodesanpedro.com.ar\/sitio\/wp-json\/wp\/v2\/media?parent=39418"}],"wp:term":[{"taxonomy":"category","embeddable":true,"href":"https:\/\/eldiariodesanpedro.com.ar\/sitio\/wp-json\/wp\/v2\/categories?post=39418"},{"taxonomy":"post_tag","embeddable":true,"href":"https:\/\/eldiariodesanpedro.com.ar\/sitio\/wp-json\/wp\/v2\/tags?post=39418"}],"curies":[{"name":"wp","href":"https:\/\/api.w.org\/{rel}","templated":true}]}}