{"id":39415,"date":"2018-08-31T20:43:50","date_gmt":"2018-08-31T23:43:50","guid":{"rendered":"https:\/\/eldiariodesanpedro.com.ar\/sitio\/?p=39415"},"modified":"2018-08-31T20:43:50","modified_gmt":"2018-08-31T23:43:50","slug":"san-nicolas-la-vacuna-contra-la-meningitis-sigue-faltando-en-san-nicolas","status":"publish","type":"post","link":"https:\/\/eldiariodesanpedro.com.ar\/sitio\/san-nicolas-la-vacuna-contra-la-meningitis-sigue-faltando-en-san-nicolas\/","title":{"rendered":"SAN NICOL\u00c1S: La vacuna contra la meningitis sigue faltando en San Nicol\u00e1s"},"content":{"rendered":"<p><!-- VideographyWP Plugin Message: Automatic video embedding prevented by plugin options. --><br \/>\nAl d\u00eda de ayer el Ministerio de Salud de la Naci\u00f3n no hab\u00eda enviado las partidas de vacunas que -por calendario nacional obligatorio- se aplican para prevenir casos de meningitis en los ni\u00f1os. El faltante no s\u00f3lo incluye la dosis para ni\u00f1os de 11 a\u00f1os (oficialmente suspendida), sino tambi\u00e9n la de los beb\u00e9s de 3, 5 y 15 meses. En el CEMPRE local no se aplican dichas vacunas desde principios de la semana pasada.<\/p>\n<p>  Al d\u00eda de ayer el Ministerio de Salud de la Naci\u00f3n (MSN) no hab\u00eda enviado las partidas de vacunas que -por calendario nacional obligatorio- se aplican para prevenir casos de meningitis en los ni\u00f1os. Si bien el MSN comunic\u00f3 que se postergar\u00e1 en todo el pa\u00eds la aplicaci\u00f3n que corresponde a los ni\u00f1os de 11 a\u00f1os, lo cierto es que en nuestra ciudad no hay inyectable tampoco para las dosis que se aplican a los beb\u00e9s de 3, 5 y 15 meses. En el Centro de Medicina Preventiva (CeMPre) de nuestra ciudad la vacuna dej\u00f3 de aplicarse desde principios de la semana pasada en virtud que no est\u00e1n llegando las partidas correspondientes desde la Regi\u00f3n Sanitaria IV. En las farmacias se puede conseguir a $ 2300, una suma muy importante para cualquier bolsillo. La vacuna contra el meningococo, para prevenir enfermedades como la meningitis, fue incluida en el Calendario Nacional de Vacunaci\u00f3n en 2017 y desde entonces los argentinos la pueden conseguir de manera gratuita en todos los centros de salud y hospitales p\u00fablicos del pa\u00eds. Solo que por estos d\u00edas en varias provincias advierten su falta.<\/p>\n","protected":false},"excerpt":{"rendered":"<p>Al d\u00eda de ayer el Ministerio de Salud de la Naci\u00f3n no hab\u00eda enviado las partidas de vacunas que -por calendario nacional obligatorio- se aplican para prevenir casos de meningitis en los ni\u00f1os. El faltante no s\u00f3lo incluye la dosis para ni\u00f1os de 11 a\u00f1os (oficialmente suspendida), sino tambi\u00e9n la de los beb\u00e9s de 3, [&hellip;]<\/p>\n","protected":false},"author":4,"featured_media":39417,"comment_status":"open","ping_status":"closed","sticky":false,"template":"","format":"standard","meta":{"om_disable_all_campaigns":false,"_jetpack_memberships_contains_paid_content":false,"footnotes":""},"categories":[621],"tags":[],"class_list":["post-39415","post","type-post","status-publish","format-standard","has-post-thumbnail","hentry","category-regionales"],"aioseo_notices":[],"gutentor_comment":0,"jetpack_featured_media_url":"https:\/\/eldiariodesanpedro.com.ar\/sitio\/wp-content\/uploads\/2018\/08\/vacuna-jeringa.jpg","jetpack_shortlink":"https:\/\/wp.me\/p6RhLt-afJ","jetpack_sharing_enabled":true,"_links":{"self":[{"href":"https:\/\/eldiariodesanpedro.com.ar\/sitio\/wp-json\/wp\/v2\/posts\/39415","targetHints":{"allow":["GET"]}}],"collection":[{"href":"https:\/\/eldiariodesanpedro.com.ar\/sitio\/wp-json\/wp\/v2\/posts"}],"about":[{"href":"https:\/\/eldiariodesanpedro.com.ar\/sitio\/wp-json\/wp\/v2\/types\/post"}],"author":[{"embeddable":true,"href":"https:\/\/eldiariodesanpedro.com.ar\/sitio\/wp-json\/wp\/v2\/users\/4"}],"replies":[{"embeddable":true,"href":"https:\/\/eldiariodesanpedro.com.ar\/sitio\/wp-json\/wp\/v2\/comments?post=39415"}],"version-history":[{"count":1,"href":"https:\/\/eldiariodesanpedro.com.ar\/sitio\/wp-json\/wp\/v2\/posts\/39415\/revisions"}],"predecessor-version":[{"id":39419,"href":"https:\/\/eldiariodesanpedro.com.ar\/sitio\/wp-json\/wp\/v2\/posts\/39415\/revisions\/39419"}],"wp:featuredmedia":[{"embeddable":true,"href":"https:\/\/eldiariodesanpedro.com.ar\/sitio\/wp-json\/wp\/v2\/media\/39417"}],"wp:attachment":[{"href":"https:\/\/eldiariodesanpedro.com.ar\/sitio\/wp-json\/wp\/v2\/media?parent=39415"}],"wp:term":[{"taxonomy":"category","embeddable":true,"href":"https:\/\/eldiariodesanpedro.com.ar\/sitio\/wp-json\/wp\/v2\/categories?post=39415"},{"taxonomy":"post_tag","embeddable":true,"href":"https:\/\/eldiariodesanpedro.com.ar\/sitio\/wp-json\/wp\/v2\/tags?post=39415"}],"curies":[{"name":"wp","href":"https:\/\/api.w.org\/{rel}","templated":true}]}}