{"id":39405,"date":"2018-08-31T20:34:09","date_gmt":"2018-08-31T23:34:09","guid":{"rendered":"https:\/\/eldiariodesanpedro.com.ar\/sitio\/?p=39405"},"modified":"2018-08-31T20:34:09","modified_gmt":"2018-08-31T23:34:09","slug":"sigamos-capacitandonos-para-poder-enfrentar-los-desafios-laborales-del-presente-y-el-futuro","status":"publish","type":"post","link":"https:\/\/eldiariodesanpedro.com.ar\/sitio\/sigamos-capacitandonos-para-poder-enfrentar-los-desafios-laborales-del-presente-y-el-futuro\/","title":{"rendered":"\u00abSigamos capacit\u00e1ndonos para poder enfrentar los desaf\u00edos laborales del presente y el futuro\u00bb"},"content":{"rendered":"<p><!-- VideographyWP Plugin Message: Automatic video embedding prevented by plugin options. --><br \/>\nFinaliz\u00f3 el segundo m\u00f3dulo de los cursos de capacitaci\u00f3n gremial a dirigentes de UATRE en la Escuela Sindical Lorenzo Miguel de la Ciudad de Buenos Aires, es la segunda etapa de \u00abDirigentes del Futuro, formaci\u00f3n estrat\u00e9gica para los desaf\u00edos del presente\u00bb.<\/p>\n<p>  En el inicio de las jornadas de capacitaci\u00f3n, el secretario general de UATRE, Ram\u00f3n Ayala, dio la bienvenida a los dirigentes de la organizaci\u00f3n en todo el pa\u00eds y explic\u00f3 la importancia de los cursos: \u00abEs un gusto tenerlos a todos ac\u00e1.  En esta oportunidad vamos a tratar las discusiones salariales y es muy importante esto porque requiere de muchos aspectos, principalmente debemos ir preparados a esa discusi\u00f3n, con elementos v\u00e1lidos. Tenemos la posibilidad de realizar con profesionales un estudio de productividad para que los empleadores vean lo que pedimos sobre datos concretos. Cuando las empresas quieran poner alg\u00fan reparo, nosotros tenemos los datos y tenemos que ir totalmente preparados para dar esa discusi\u00f3n sobre el aumento que estamos pidiendo\u00bb.<\/p>\n<p>  Por su parte, Alberto Barra, secretario de Actas, Prensa y Propaganda cerr\u00f3 la jornada felicitando a los compa\u00f1eros: \u00abEs una experiencia nueva que los profesionales los hayan capacitado a los delegados. Muchos t\u00e9cnicos desconocen c\u00f3mo tratar al trabajador rural pero nuestros profesionales tienen la experiencia necesaria\u00bb.<\/p>\n<p>  Adem\u00e1s, inst\u00f3 a los presentes \u00abseguir trabajando con la responsabilidad que le estamos poniendo todos juntos. Ustedes delegados son la fortaleza del gremio en el interior de nuestro pa\u00eds. Sigamos cada d\u00eda capacit\u00e1ndonos para poder enfrentar los desaf\u00edos laborales que enfrentamos\u00bb y finaliz\u00f3 entusiasmado: \u00abCuando vemos gente joven haciendo los cursos sabemos que hay futuro\u00bb.<\/p>\n<p>  Por su parte, Pedro Peger, prosecretario de Finanzas manifest\u00f3: \u00abTodos tenemos distintas formas de encarar los conflictos y estos cursos sirven para que sepamos como proceder. Esto lo tenemos que volcarlo con los compa\u00f1eros de cada una de las seccionales\u00bb.<\/p>\n<p>  En el curso se analiz\u00f3 el rol del dirigente sindical ante el presente contexto econ\u00f3mico y social y la modificaci\u00f3n del mapa de empleo motivado por las nuevas formas de producci\u00f3n, generadas bajo la influencia de las nuevas tecnolog\u00edas.<\/p>\n","protected":false},"excerpt":{"rendered":"<p>Finaliz\u00f3 el segundo m\u00f3dulo de los cursos de capacitaci\u00f3n gremial a dirigentes de UATRE en la Escuela Sindical Lorenzo Miguel de la Ciudad de Buenos Aires, es la segunda etapa de \u00abDirigentes del Futuro, formaci\u00f3n estrat\u00e9gica para los desaf\u00edos del presente\u00bb. En el inicio de las jornadas de capacitaci\u00f3n, el secretario general de UATRE, Ram\u00f3n [&hellip;]<\/p>\n","protected":false},"author":4,"featured_media":39408,"comment_status":"open","ping_status":"closed","sticky":false,"template":"","format":"standard","meta":{"om_disable_all_campaigns":false,"_jetpack_memberships_contains_paid_content":false,"footnotes":""},"categories":[2,102],"tags":[],"class_list":["post-39405","post","type-post","status-publish","format-standard","has-post-thumbnail","hentry","category-locales","category-politica-locales"],"aioseo_notices":[],"gutentor_comment":0,"jetpack_featured_media_url":"https:\/\/eldiariodesanpedro.com.ar\/sitio\/wp-content\/uploads\/2018\/08\/Capacitaci\u00f3n-gremial-a-dirigentes-de-UATRE-.jpg","jetpack_shortlink":"https:\/\/wp.me\/p6RhLt-afz","jetpack_sharing_enabled":true,"_links":{"self":[{"href":"https:\/\/eldiariodesanpedro.com.ar\/sitio\/wp-json\/wp\/v2\/posts\/39405","targetHints":{"allow":["GET"]}}],"collection":[{"href":"https:\/\/eldiariodesanpedro.com.ar\/sitio\/wp-json\/wp\/v2\/posts"}],"about":[{"href":"https:\/\/eldiariodesanpedro.com.ar\/sitio\/wp-json\/wp\/v2\/types\/post"}],"author":[{"embeddable":true,"href":"https:\/\/eldiariodesanpedro.com.ar\/sitio\/wp-json\/wp\/v2\/users\/4"}],"replies":[{"embeddable":true,"href":"https:\/\/eldiariodesanpedro.com.ar\/sitio\/wp-json\/wp\/v2\/comments?post=39405"}],"version-history":[{"count":1,"href":"https:\/\/eldiariodesanpedro.com.ar\/sitio\/wp-json\/wp\/v2\/posts\/39405\/revisions"}],"predecessor-version":[{"id":39410,"href":"https:\/\/eldiariodesanpedro.com.ar\/sitio\/wp-json\/wp\/v2\/posts\/39405\/revisions\/39410"}],"wp:featuredmedia":[{"embeddable":true,"href":"https:\/\/eldiariodesanpedro.com.ar\/sitio\/wp-json\/wp\/v2\/media\/39408"}],"wp:attachment":[{"href":"https:\/\/eldiariodesanpedro.com.ar\/sitio\/wp-json\/wp\/v2\/media?parent=39405"}],"wp:term":[{"taxonomy":"category","embeddable":true,"href":"https:\/\/eldiariodesanpedro.com.ar\/sitio\/wp-json\/wp\/v2\/categories?post=39405"},{"taxonomy":"post_tag","embeddable":true,"href":"https:\/\/eldiariodesanpedro.com.ar\/sitio\/wp-json\/wp\/v2\/tags?post=39405"}],"curies":[{"name":"wp","href":"https:\/\/api.w.org\/{rel}","templated":true}]}}