{"id":39388,"date":"2018-08-31T10:51:39","date_gmt":"2018-08-31T13:51:39","guid":{"rendered":"https:\/\/eldiariodesanpedro.com.ar\/sitio\/?p=39388"},"modified":"2018-08-31T10:51:39","modified_gmt":"2018-08-31T13:51:39","slug":"provincia-la-defensoria-del-pueblo-pide-la-suspension-de-la-proxima-audiencia-por-el-aumento-del-gas","status":"publish","type":"post","link":"https:\/\/eldiariodesanpedro.com.ar\/sitio\/provincia-la-defensoria-del-pueblo-pide-la-suspension-de-la-proxima-audiencia-por-el-aumento-del-gas\/","title":{"rendered":"PROVINCIA: La Defensoria del Pueblo pide la suspensi\u00f3n de la pr\u00f3xima audiencia por el aumento del gas"},"content":{"rendered":"<p><!-- VideographyWP Plugin Message: Automatic video embedding prevented by plugin options. --><br \/>\n\u201cEn este contexto econ\u00f3mico y pol\u00edtico es descabellado pensar en un nuevo aumento de servicios p\u00fablicos, cuando el gobierno no puede controlar la inflaci\u00f3n\u201d, expres\u00f3 el Defensor del Pueblo bonaerense, Guido Lorenzino, al tiempo que pidi\u00f3 que se suspenda la audiencia convocada para el pr\u00f3ximo 4 de septiembre.<\/p>\n<p>Lorenzino explic\u00f3 que el pedido de suspensi\u00f3n tambi\u00e9n responde a una raz\u00f3n formal, que tiene que ver con que las empresas distribuidoras del servicio que no cumplieron con la obligaci\u00f3n de informar, con antelaci\u00f3n, cu\u00e1l es la propuesta de actualizaci\u00f3n. <\/p>\n<p>En esa l\u00ednea, el Defensor sostuvo que \u201ceste incumplimiento vulnera los derechos constitucionales de acceso a la informaci\u00f3n, clara y veraz. Adem\u00e1s, impide la posibilidad de emitir opini\u00f3n como as\u00ed tambi\u00e9n de realizar un intercambio responsable de ideas\u201d. <\/p>\n<p>Seg\u00fan prev\u00e9 la resoluci\u00f3n N\u00b0184 del Directorio de ENARGAS, las licenciatarias deben presentar ante dicha Autoridad Regulatoria los c\u00e1lculos correspondientes al cuadro tarifario propuesto con el objetivo de que se pueda realizar una adecuada valoraci\u00f3n considerando el impacto que generan los incrementos en las econom\u00edas familiares. Asimismo, la informaci\u00f3n debe estar disponible para la consulta de los interesados.<\/p>\n","protected":false},"excerpt":{"rendered":"<p>\u201cEn este contexto econ\u00f3mico y pol\u00edtico es descabellado pensar en un nuevo aumento de servicios p\u00fablicos, cuando el gobierno no puede controlar la inflaci\u00f3n\u201d, expres\u00f3 el Defensor del Pueblo bonaerense, Guido Lorenzino, al tiempo que pidi\u00f3 que se suspenda la audiencia convocada para el pr\u00f3ximo 4 de septiembre. Lorenzino explic\u00f3 que el pedido de suspensi\u00f3n [&hellip;]<\/p>\n","protected":false},"author":4,"featured_media":39389,"comment_status":"open","ping_status":"closed","sticky":false,"template":"","format":"standard","meta":{"om_disable_all_campaigns":false,"_jetpack_memberships_contains_paid_content":false,"footnotes":""},"categories":[621],"tags":[],"class_list":["post-39388","post","type-post","status-publish","format-standard","has-post-thumbnail","hentry","category-regionales"],"aioseo_notices":[],"gutentor_comment":0,"jetpack_featured_media_url":"https:\/\/eldiariodesanpedro.com.ar\/sitio\/wp-content\/uploads\/2018\/08\/guido-lorenzino.jpg","jetpack_shortlink":"https:\/\/wp.me\/p6RhLt-afi","jetpack_sharing_enabled":true,"_links":{"self":[{"href":"https:\/\/eldiariodesanpedro.com.ar\/sitio\/wp-json\/wp\/v2\/posts\/39388","targetHints":{"allow":["GET"]}}],"collection":[{"href":"https:\/\/eldiariodesanpedro.com.ar\/sitio\/wp-json\/wp\/v2\/posts"}],"about":[{"href":"https:\/\/eldiariodesanpedro.com.ar\/sitio\/wp-json\/wp\/v2\/types\/post"}],"author":[{"embeddable":true,"href":"https:\/\/eldiariodesanpedro.com.ar\/sitio\/wp-json\/wp\/v2\/users\/4"}],"replies":[{"embeddable":true,"href":"https:\/\/eldiariodesanpedro.com.ar\/sitio\/wp-json\/wp\/v2\/comments?post=39388"}],"version-history":[{"count":1,"href":"https:\/\/eldiariodesanpedro.com.ar\/sitio\/wp-json\/wp\/v2\/posts\/39388\/revisions"}],"predecessor-version":[{"id":39390,"href":"https:\/\/eldiariodesanpedro.com.ar\/sitio\/wp-json\/wp\/v2\/posts\/39388\/revisions\/39390"}],"wp:featuredmedia":[{"embeddable":true,"href":"https:\/\/eldiariodesanpedro.com.ar\/sitio\/wp-json\/wp\/v2\/media\/39389"}],"wp:attachment":[{"href":"https:\/\/eldiariodesanpedro.com.ar\/sitio\/wp-json\/wp\/v2\/media?parent=39388"}],"wp:term":[{"taxonomy":"category","embeddable":true,"href":"https:\/\/eldiariodesanpedro.com.ar\/sitio\/wp-json\/wp\/v2\/categories?post=39388"},{"taxonomy":"post_tag","embeddable":true,"href":"https:\/\/eldiariodesanpedro.com.ar\/sitio\/wp-json\/wp\/v2\/tags?post=39388"}],"curies":[{"name":"wp","href":"https:\/\/api.w.org\/{rel}","templated":true}]}}