{"id":39377,"date":"2018-08-31T09:46:05","date_gmt":"2018-08-31T12:46:05","guid":{"rendered":"https:\/\/eldiariodesanpedro.com.ar\/sitio\/?p=39377"},"modified":"2018-08-31T09:46:05","modified_gmt":"2018-08-31T12:46:05","slug":"hoy-comienza-el-black-friday-sampedrino","status":"publish","type":"post","link":"https:\/\/eldiariodesanpedro.com.ar\/sitio\/hoy-comienza-el-black-friday-sampedrino\/","title":{"rendered":"Hoy comienza el Black Friday Sampedrino"},"content":{"rendered":"<p><!-- VideographyWP Plugin Message: Automatic video embedding prevented by plugin options. --><br \/>\nUna Acci\u00f3n en conjunto entre el Centro de Comercio Industria y Turismo de San Pedro<br \/>\ny La Subsecretaria de Desarrollo Econ\u00f3mico de San Pedro, ya son mas los 200 comercios adheridos. <\/p>\n<p>La idea es promocionar tu comercio, presentar tus descuentos, ofertar productos de fin de temporada, promocionar servicios, armar un plan de suscripci\u00f3n de socios, con el objetivo de incrementar las ventas en la ciudad.  <\/p>\n<p>Para mayor informaci\u00f3n sobre los descuentos disponibles se puede ingresar en la web www.blackfridaysanpedro.com.  Adem\u00e1s los comercios y empresas participantes colocar\u00e1n en sus vidrieras y en sus redes sociales los logos que los presentan como participantes.<\/p>\n<p><img decoding=\"async\" data-attachment-id=\"39378\" data-permalink=\"https:\/\/eldiariodesanpedro.com.ar\/sitio\/hoy-comienza-el-black-friday-sampedrino\/images-8\/\" data-orig-file=\"https:\/\/eldiariodesanpedro.com.ar\/sitio\/wp-content\/uploads\/2018\/08\/images-1.jpg\" data-orig-size=\"337,149\" data-comments-opened=\"1\" data-image-meta=\"{&quot;aperture&quot;:&quot;0&quot;,&quot;credit&quot;:&quot;&quot;,&quot;camera&quot;:&quot;&quot;,&quot;caption&quot;:&quot;&quot;,&quot;created_timestamp&quot;:&quot;0&quot;,&quot;copyright&quot;:&quot;&quot;,&quot;focal_length&quot;:&quot;0&quot;,&quot;iso&quot;:&quot;0&quot;,&quot;shutter_speed&quot;:&quot;0&quot;,&quot;title&quot;:&quot;&quot;,&quot;orientation&quot;:&quot;0&quot;}\" data-image-title=\"images\" data-image-description=\"\" data-image-caption=\"\" data-large-file=\"https:\/\/eldiariodesanpedro.com.ar\/sitio\/wp-content\/uploads\/2018\/08\/images-1.jpg\" data-src=\"https:\/\/eldiariodesanpedro.com.ar\/sitio\/wp-content\/uploads\/2018\/08\/images-1.jpg\" alt=\"\" width=\"337\" height=\"149\" class=\"alignnone size-full wp-image-39378 lazyload\" data-srcset=\"https:\/\/eldiariodesanpedro.com.ar\/sitio\/wp-content\/uploads\/2018\/08\/images-1.jpg 337w, https:\/\/eldiariodesanpedro.com.ar\/sitio\/wp-content\/uploads\/2018\/08\/images-1-300x133.jpg 300w\" data-sizes=\"(max-width: 337px) 100vw, 337px\" src=\"data:image\/svg+xml;base64,PHN2ZyB3aWR0aD0iMSIgaGVpZ2h0PSIxIiB4bWxucz0iaHR0cDovL3d3dy53My5vcmcvMjAwMC9zdmciPjwvc3ZnPg==\" style=\"--smush-placeholder-width: 337px; --smush-placeholder-aspect-ratio: 337\/149;\" \/><\/p>\n","protected":false},"excerpt":{"rendered":"<p>Una Acci\u00f3n en conjunto entre el Centro de Comercio Industria y Turismo de San Pedro y La Subsecretaria de Desarrollo Econ\u00f3mico de San Pedro, ya son mas los 200 comercios adheridos. La idea es promocionar tu comercio, presentar tus descuentos, ofertar productos de fin de temporada, promocionar servicios, armar un plan de suscripci\u00f3n de socios, [&hellip;]<\/p>\n","protected":false},"author":4,"featured_media":39379,"comment_status":"open","ping_status":"closed","sticky":false,"template":"","format":"standard","meta":{"om_disable_all_campaigns":false,"_jetpack_memberships_contains_paid_content":false,"footnotes":""},"categories":[50,101,2],"tags":[],"class_list":["post-39377","post","type-post","status-publish","format-standard","has-post-thumbnail","hentry","category-destacadas","category-interes-general-locales","category-locales"],"aioseo_notices":[],"gutentor_comment":0,"jetpack_featured_media_url":"https:\/\/eldiariodesanpedro.com.ar\/sitio\/wp-content\/uploads\/2018\/08\/black.jpg","jetpack_shortlink":"https:\/\/wp.me\/p6RhLt-af7","jetpack_sharing_enabled":true,"_links":{"self":[{"href":"https:\/\/eldiariodesanpedro.com.ar\/sitio\/wp-json\/wp\/v2\/posts\/39377","targetHints":{"allow":["GET"]}}],"collection":[{"href":"https:\/\/eldiariodesanpedro.com.ar\/sitio\/wp-json\/wp\/v2\/posts"}],"about":[{"href":"https:\/\/eldiariodesanpedro.com.ar\/sitio\/wp-json\/wp\/v2\/types\/post"}],"author":[{"embeddable":true,"href":"https:\/\/eldiariodesanpedro.com.ar\/sitio\/wp-json\/wp\/v2\/users\/4"}],"replies":[{"embeddable":true,"href":"https:\/\/eldiariodesanpedro.com.ar\/sitio\/wp-json\/wp\/v2\/comments?post=39377"}],"version-history":[{"count":1,"href":"https:\/\/eldiariodesanpedro.com.ar\/sitio\/wp-json\/wp\/v2\/posts\/39377\/revisions"}],"predecessor-version":[{"id":39380,"href":"https:\/\/eldiariodesanpedro.com.ar\/sitio\/wp-json\/wp\/v2\/posts\/39377\/revisions\/39380"}],"wp:featuredmedia":[{"embeddable":true,"href":"https:\/\/eldiariodesanpedro.com.ar\/sitio\/wp-json\/wp\/v2\/media\/39379"}],"wp:attachment":[{"href":"https:\/\/eldiariodesanpedro.com.ar\/sitio\/wp-json\/wp\/v2\/media?parent=39377"}],"wp:term":[{"taxonomy":"category","embeddable":true,"href":"https:\/\/eldiariodesanpedro.com.ar\/sitio\/wp-json\/wp\/v2\/categories?post=39377"},{"taxonomy":"post_tag","embeddable":true,"href":"https:\/\/eldiariodesanpedro.com.ar\/sitio\/wp-json\/wp\/v2\/tags?post=39377"}],"curies":[{"name":"wp","href":"https:\/\/api.w.org\/{rel}","templated":true}]}}