{"id":39373,"date":"2018-08-31T09:03:35","date_gmt":"2018-08-31T12:03:35","guid":{"rendered":"https:\/\/eldiariodesanpedro.com.ar\/sitio\/?p=39373"},"modified":"2018-08-31T09:03:35","modified_gmt":"2018-08-31T12:03:35","slug":"robaron-un-secarropas-y-una-garrafa-de-una-vivienda","status":"publish","type":"post","link":"https:\/\/eldiariodesanpedro.com.ar\/sitio\/robaron-un-secarropas-y-una-garrafa-de-una-vivienda\/","title":{"rendered":"Robaron un secarropas y una garrafa de una vivienda"},"content":{"rendered":"<p><!-- VideographyWP Plugin Message: Automatic video embedding prevented by plugin options. --><br \/>\nEl hecho ocurri\u00f3 este jueves cuando delincuentes ingresaron a una vivienda ubicada en calle Manuel Iglesias al 300 donde sustrajeron una garrafa y un secarropas.<\/p>\n<p>Su propietaria, una ciudadana de 32 a\u00f1os de edad, denuncio en la Dependencia Local que el hecho ocurri\u00f3 cuando no hab\u00eda nadie en la casa. El hecho fue caratulado como \u00abRobo\u00bb y tom\u00f3 intervenci\u00f3n la Fiscal\u00eda 5, a cargo del Doctor Marcelo Manso. <\/p>\n","protected":false},"excerpt":{"rendered":"<p>El hecho ocurri\u00f3 este jueves cuando delincuentes ingresaron a una vivienda ubicada en calle Manuel Iglesias al 300 donde sustrajeron una garrafa y un secarropas. Su propietaria, una ciudadana de 32 a\u00f1os de edad, denuncio en la Dependencia Local que el hecho ocurri\u00f3 cuando no hab\u00eda nadie en la casa. El hecho fue caratulado como [&hellip;]<\/p>\n","protected":false},"author":4,"featured_media":39230,"comment_status":"open","ping_status":"closed","sticky":false,"template":"","format":"standard","meta":{"om_disable_all_campaigns":false,"_jetpack_memberships_contains_paid_content":false,"footnotes":""},"categories":[2,103],"tags":[],"class_list":["post-39373","post","type-post","status-publish","format-standard","has-post-thumbnail","hentry","category-locales","category-policiales-locales"],"aioseo_notices":[],"gutentor_comment":0,"jetpack_featured_media_url":"https:\/\/eldiariodesanpedro.com.ar\/sitio\/wp-content\/uploads\/2018\/08\/patrullero-policia_3.jpg","jetpack_shortlink":"https:\/\/wp.me\/p6RhLt-af3","jetpack_sharing_enabled":true,"_links":{"self":[{"href":"https:\/\/eldiariodesanpedro.com.ar\/sitio\/wp-json\/wp\/v2\/posts\/39373","targetHints":{"allow":["GET"]}}],"collection":[{"href":"https:\/\/eldiariodesanpedro.com.ar\/sitio\/wp-json\/wp\/v2\/posts"}],"about":[{"href":"https:\/\/eldiariodesanpedro.com.ar\/sitio\/wp-json\/wp\/v2\/types\/post"}],"author":[{"embeddable":true,"href":"https:\/\/eldiariodesanpedro.com.ar\/sitio\/wp-json\/wp\/v2\/users\/4"}],"replies":[{"embeddable":true,"href":"https:\/\/eldiariodesanpedro.com.ar\/sitio\/wp-json\/wp\/v2\/comments?post=39373"}],"version-history":[{"count":1,"href":"https:\/\/eldiariodesanpedro.com.ar\/sitio\/wp-json\/wp\/v2\/posts\/39373\/revisions"}],"predecessor-version":[{"id":39374,"href":"https:\/\/eldiariodesanpedro.com.ar\/sitio\/wp-json\/wp\/v2\/posts\/39373\/revisions\/39374"}],"wp:featuredmedia":[{"embeddable":true,"href":"https:\/\/eldiariodesanpedro.com.ar\/sitio\/wp-json\/wp\/v2\/media\/39230"}],"wp:attachment":[{"href":"https:\/\/eldiariodesanpedro.com.ar\/sitio\/wp-json\/wp\/v2\/media?parent=39373"}],"wp:term":[{"taxonomy":"category","embeddable":true,"href":"https:\/\/eldiariodesanpedro.com.ar\/sitio\/wp-json\/wp\/v2\/categories?post=39373"},{"taxonomy":"post_tag","embeddable":true,"href":"https:\/\/eldiariodesanpedro.com.ar\/sitio\/wp-json\/wp\/v2\/tags?post=39373"}],"curies":[{"name":"wp","href":"https:\/\/api.w.org\/{rel}","templated":true}]}}