{"id":39370,"date":"2018-08-31T08:46:15","date_gmt":"2018-08-31T11:46:15","guid":{"rendered":"https:\/\/eldiariodesanpedro.com.ar\/sitio\/?p=39370"},"modified":"2018-08-31T08:46:15","modified_gmt":"2018-08-31T11:46:15","slug":"delincuentes-entraron-a-su-casa-y-le-sustrajeron-una-hormigonera","status":"publish","type":"post","link":"https:\/\/eldiariodesanpedro.com.ar\/sitio\/delincuentes-entraron-a-su-casa-y-le-sustrajeron-una-hormigonera\/","title":{"rendered":"Delincuentes entraron a su casa y le sustrajeron una hormigonera"},"content":{"rendered":"<p><!-- VideographyWP Plugin Message: Automatic video embedding prevented by plugin options. --><br \/>\nEste jueves, un joven de 28 a\u00f1os de edad, denuncio en la Dependencia Local que delincuentes ingresaron en su vivienda en construcci\u00f3n ubicada en calle Colon al 2400, donde constat\u00f3 que sustrajeron, sin violencia, una maquina hormigonera y herramientas de mano.<\/p>\n","protected":false},"excerpt":{"rendered":"<p>Este jueves, un joven de 28 a\u00f1os de edad, denuncio en la Dependencia Local que delincuentes ingresaron en su vivienda en construcci\u00f3n ubicada en calle Colon al 2400, donde constat\u00f3 que sustrajeron, sin violencia, una maquina hormigonera y herramientas de mano.<\/p>\n","protected":false},"author":4,"featured_media":39371,"comment_status":"open","ping_status":"closed","sticky":false,"template":"","format":"standard","meta":{"om_disable_all_campaigns":false,"_jetpack_memberships_contains_paid_content":false,"footnotes":""},"categories":[2,103],"tags":[],"class_list":["post-39370","post","type-post","status-publish","format-standard","has-post-thumbnail","hentry","category-locales","category-policiales-locales"],"aioseo_notices":[],"gutentor_comment":0,"jetpack_featured_media_url":"https:\/\/eldiariodesanpedro.com.ar\/sitio\/wp-content\/uploads\/2018\/08\/hormigonera-130-lts-reforzada-motor-34-hp-D_NQ_NP_850125-MLA25381135028_022017-F.jpg","jetpack_shortlink":"https:\/\/wp.me\/p6RhLt-af0","jetpack_sharing_enabled":true,"_links":{"self":[{"href":"https:\/\/eldiariodesanpedro.com.ar\/sitio\/wp-json\/wp\/v2\/posts\/39370","targetHints":{"allow":["GET"]}}],"collection":[{"href":"https:\/\/eldiariodesanpedro.com.ar\/sitio\/wp-json\/wp\/v2\/posts"}],"about":[{"href":"https:\/\/eldiariodesanpedro.com.ar\/sitio\/wp-json\/wp\/v2\/types\/post"}],"author":[{"embeddable":true,"href":"https:\/\/eldiariodesanpedro.com.ar\/sitio\/wp-json\/wp\/v2\/users\/4"}],"replies":[{"embeddable":true,"href":"https:\/\/eldiariodesanpedro.com.ar\/sitio\/wp-json\/wp\/v2\/comments?post=39370"}],"version-history":[{"count":1,"href":"https:\/\/eldiariodesanpedro.com.ar\/sitio\/wp-json\/wp\/v2\/posts\/39370\/revisions"}],"predecessor-version":[{"id":39372,"href":"https:\/\/eldiariodesanpedro.com.ar\/sitio\/wp-json\/wp\/v2\/posts\/39370\/revisions\/39372"}],"wp:featuredmedia":[{"embeddable":true,"href":"https:\/\/eldiariodesanpedro.com.ar\/sitio\/wp-json\/wp\/v2\/media\/39371"}],"wp:attachment":[{"href":"https:\/\/eldiariodesanpedro.com.ar\/sitio\/wp-json\/wp\/v2\/media?parent=39370"}],"wp:term":[{"taxonomy":"category","embeddable":true,"href":"https:\/\/eldiariodesanpedro.com.ar\/sitio\/wp-json\/wp\/v2\/categories?post=39370"},{"taxonomy":"post_tag","embeddable":true,"href":"https:\/\/eldiariodesanpedro.com.ar\/sitio\/wp-json\/wp\/v2\/tags?post=39370"}],"curies":[{"name":"wp","href":"https:\/\/api.w.org\/{rel}","templated":true}]}}