{"id":39366,"date":"2018-08-30T21:18:15","date_gmt":"2018-08-31T00:18:15","guid":{"rendered":"https:\/\/eldiariodesanpedro.com.ar\/sitio\/?p=39366"},"modified":"2026-01-24T00:11:07","modified_gmt":"2026-01-24T03:11:07","slug":"tenis-actuaciones-destacadas-en-san-nicolas","status":"publish","type":"post","link":"https:\/\/eldiariodesanpedro.com.ar\/sitio\/tenis-actuaciones-destacadas-en-san-nicolas\/","title":{"rendered":"TENIS: Actuaciones destacadas en San Nicol\u00e1s"},"content":{"rendered":"<p><!-- VideographyWP Plugin Message: Automatic video embedding prevented by plugin options. --><br \/>\n  Los jugadores de tenis del Club N\u00e1utico volvieron a tener un excelente fin de semana. En este caso, \u00c1ngela Peir\u00f3 se consagr\u00f3 campeona del Nacional Abierto de San Nicol\u00e1s en el Club Regatas. La jugadora le gan\u00f3 a Nangel por 6-0 y 6-2 y en la final a Bailetti por 6-2 y 6-2. \u00c1ngela viaj\u00f3 este lunes a Villa Mar\u00eda C\u00f3rdoba a jugar un torneo de la ITF (International Tennis Federaci\u00f3n) donde participan las mejores jugadoras ranqueadas y tambi\u00e9n jugadoras de otros pa\u00edses. <\/p>\n<p>  M\u00e1ximo Y\u00e1\u00f1ez y Cruz Y\u00e1\u00f1ez fueron campeones de dobles en el Nacional Abierto de San Nicol\u00e1s jugado en Somisa. La ganaron a Ocampos\/Ghio por 6-3 y en la final a Riva\/Castro por 6-0. En singles perdieron en primera rueda, al igual que Felipe Bonafina que tambi\u00e9n represent\u00f3 al Club.<\/p>\n","protected":false},"excerpt":{"rendered":"<p>Los jugadores de tenis del Club N\u00e1utico volvieron a tener un excelente fin de semana. En este caso, \u00c1ngela Peir\u00f3 se consagr\u00f3 campeona del Nacional Abierto de San Nicol\u00e1s en el Club Regatas. La jugadora le gan\u00f3 a Nangel por 6-0 y 6-2 y en la final a Bailetti por 6-2 y 6-2. \u00c1ngela viaj\u00f3 [&hellip;]<\/p>\n","protected":false},"author":4,"featured_media":39367,"comment_status":"open","ping_status":"closed","sticky":false,"template":"","format":"standard","meta":{"om_disable_all_campaigns":false,"_jetpack_memberships_contains_paid_content":false,"footnotes":""},"categories":[5],"tags":[],"class_list":["post-39366","post","type-post","status-publish","format-standard","has-post-thumbnail","hentry","category-deportes"],"aioseo_notices":[],"gutentor_comment":0,"jetpack_featured_media_url":"https:\/\/eldiariodesanpedro.com.ar\/sitio\/wp-content\/uploads\/2018\/08\/M\u00e1ximo-Y\u00e1\u00f1ez-y-Cruz-Y\u00e1\u00f1ez-N\u00e1utico.jpg","jetpack_shortlink":"https:\/\/wp.me\/p6RhLt-aeW","jetpack_sharing_enabled":true,"_links":{"self":[{"href":"https:\/\/eldiariodesanpedro.com.ar\/sitio\/wp-json\/wp\/v2\/posts\/39366","targetHints":{"allow":["GET"]}}],"collection":[{"href":"https:\/\/eldiariodesanpedro.com.ar\/sitio\/wp-json\/wp\/v2\/posts"}],"about":[{"href":"https:\/\/eldiariodesanpedro.com.ar\/sitio\/wp-json\/wp\/v2\/types\/post"}],"author":[{"embeddable":true,"href":"https:\/\/eldiariodesanpedro.com.ar\/sitio\/wp-json\/wp\/v2\/users\/4"}],"replies":[{"embeddable":true,"href":"https:\/\/eldiariodesanpedro.com.ar\/sitio\/wp-json\/wp\/v2\/comments?post=39366"}],"version-history":[{"count":1,"href":"https:\/\/eldiariodesanpedro.com.ar\/sitio\/wp-json\/wp\/v2\/posts\/39366\/revisions"}],"predecessor-version":[{"id":39369,"href":"https:\/\/eldiariodesanpedro.com.ar\/sitio\/wp-json\/wp\/v2\/posts\/39366\/revisions\/39369"}],"wp:featuredmedia":[{"embeddable":true,"href":"https:\/\/eldiariodesanpedro.com.ar\/sitio\/wp-json\/wp\/v2\/media\/39367"}],"wp:attachment":[{"href":"https:\/\/eldiariodesanpedro.com.ar\/sitio\/wp-json\/wp\/v2\/media?parent=39366"}],"wp:term":[{"taxonomy":"category","embeddable":true,"href":"https:\/\/eldiariodesanpedro.com.ar\/sitio\/wp-json\/wp\/v2\/categories?post=39366"},{"taxonomy":"post_tag","embeddable":true,"href":"https:\/\/eldiariodesanpedro.com.ar\/sitio\/wp-json\/wp\/v2\/tags?post=39366"}],"curies":[{"name":"wp","href":"https:\/\/api.w.org\/{rel}","templated":true}]}}