{"id":39362,"date":"2018-08-30T21:12:45","date_gmt":"2018-08-31T00:12:45","guid":{"rendered":"https:\/\/eldiariodesanpedro.com.ar\/sitio\/?p=39362"},"modified":"2026-01-24T00:11:07","modified_gmt":"2026-01-24T03:11:07","slug":"nacional-sub-15-con-un-gol-en-contra-perdio-el-selectivo-de-nuestra-ciudad","status":"publish","type":"post","link":"https:\/\/eldiariodesanpedro.com.ar\/sitio\/nacional-sub-15-con-un-gol-en-contra-perdio-el-selectivo-de-nuestra-ciudad\/","title":{"rendered":"NACIONAL SUB 15: Con un gol en contra perdi\u00f3 el Selectivo de nuestra ciudad"},"content":{"rendered":"<p><!-- VideographyWP Plugin Message: Automatic video embedding prevented by plugin options. --><br \/>\n  Por la tercera fecha del Torneo Nacional Sub 15 que en su etapa inicial coordina Federaci\u00f3n Norte de F\u00fatbol, el seleccionado sampedrino perdi\u00f3 ante San Antonio de Areco 1 a 0.<\/p>\n<p>  La falta de efectividad en el \u00e1rea contraria fue lo m\u00e1s notorio del elenco de Gerardo Biain, tuvo algunas chances que el arquero visitante se luci\u00f3, pero igualmente la falta de gol caracteriza al equipo.<\/p>\n<p>  SADA lo gan\u00f3 con un gol en contra a los 10m, tiro libre de Carrasco, rechazo de Z\u00e1rate, de frente a su arco Tod\u00f3n se choc\u00f3 la pelota, le cambio el rumbo y descoloc\u00f3 al arquero Azimonti.<\/p>\n<p>  San Pedro lo busc\u00f3, pero se encontr\u00f3 con falta de precisi\u00f3n en los \u00faltimos metros y cuando logr\u00f3 llegar Rivello se convirti\u00f3 en figura. Complica este resultado de cara al futuro la clasificaci\u00f3n de los sampedrinos y deja bien posicionado a la visita que ahora suma 6 puntos en tres presentaciones. San Pedro s\u00f3lo suma 2 puntos. Pergamino (4 puntos) juega este mi\u00e9rcoles ante Arrecifes (1 punto)<\/p>\n<p><strong>S\u00edntesis<\/strong><br \/>\nSan Pedro (0): Augusto Azimonti, Manuel Butti, Benjam\u00edn Z\u00e1rate, Benjam\u00edn Corbal\u00e1n, Genaro Novaro, Ignacio Tod\u00f3n, M\u00e1ximo Giolito, Mat\u00edas Abraham, Jer\u00f3nimo Cabrera, Joaqu\u00edn Vaquero y Juan Zapata. Director t\u00e9cnico: Gerardo Biain.<br \/>\nRelevos: Andr\u00e9s Biain, Genaro Vulcano, Ariel Negrete, Jer\u00f3nimo Parra, Alan Fern\u00e1ndez, Tom\u00e1s Pichioni y Juli\u00e1n Barrios.<\/p>\n<p>San Antonio de Areco: Briam Rivello, Joaqu\u00edn Jans, Nicol\u00e1s Guevara, Lautaro Bidondo, Alessandro Castiglioni, C\u00e9sar Jayo, Nazareno Carrasco, Tob\u00edas Almir\u00f3n, Giovanni Tegaldi, Michael Caccia y Valent\u00edn Griguelo. Director t\u00e9cnico: Julio Rossich.<\/p>\n<p>Relevos: Bautista Heredia, Alan Cairo, Celestino Gallardo, Owen Mi\u00f1o, Facundo Filipelli, Jonathan Re y Santiago Cotar.<\/p>\n<p>Gol: 10m Ignacio Tod\u00f3n e\/c<br \/>\nIncidencias: Expulsados a los 50m Manuel Butti (S), 52m Alessandro Castiglione (SADA) y 78m Jer\u00f3nimo Cabrera (SP).<br \/>\n\u00c1rbitro: Jonathan Fern\u00e1ndez.<br \/>\nAsistentes: Lucio Pasquali y Rodrigo Michel\u00f3n. (Liga de Z\u00e1rate)<\/p>\n<p><strong>Todo el detalle del certamen que organiza Federaci\u00f3n Norte de F\u00fatbol:<\/strong><br \/>\n<img decoding=\"async\" data-attachment-id=\"39363\" data-permalink=\"https:\/\/eldiariodesanpedro.com.ar\/sitio\/nacional-sub-15-con-un-gol-en-contra-perdio-el-selectivo-de-nuestra-ciudad\/info-31-08-18-proximas-fechas\/\" data-orig-file=\"https:\/\/eldiariodesanpedro.com.ar\/sitio\/wp-content\/uploads\/2018\/08\/INFO-31-08-18-proximas-fechas.jpg\" data-orig-size=\"1670,674\" data-comments-opened=\"1\" data-image-meta=\"{&quot;aperture&quot;:&quot;0&quot;,&quot;credit&quot;:&quot;Fernando Bettendorff&quot;,&quot;camera&quot;:&quot;&quot;,&quot;caption&quot;:&quot;&quot;,&quot;created_timestamp&quot;:&quot;1535656765&quot;,&quot;copyright&quot;:&quot;&quot;,&quot;focal_length&quot;:&quot;0&quot;,&quot;iso&quot;:&quot;0&quot;,&quot;shutter_speed&quot;:&quot;0&quot;,&quot;title&quot;:&quot;&quot;,&quot;orientation&quot;:&quot;0&quot;}\" data-image-title=\"INFO 31-08-18 proximas fechas\" data-image-description=\"\" data-image-caption=\"\" data-large-file=\"https:\/\/eldiariodesanpedro.com.ar\/sitio\/wp-content\/uploads\/2018\/08\/INFO-31-08-18-proximas-fechas-1024x413.jpg\" data-src=\"https:\/\/eldiariodesanpedro.com.ar\/sitio\/wp-content\/uploads\/2018\/08\/INFO-31-08-18-proximas-fechas-1024x413.jpg\" alt=\"\" width=\"660\" height=\"266\" class=\"alignnone size-large wp-image-39363 lazyload\" data-srcset=\"https:\/\/eldiariodesanpedro.com.ar\/sitio\/wp-content\/uploads\/2018\/08\/INFO-31-08-18-proximas-fechas-1024x413.jpg 1024w, https:\/\/eldiariodesanpedro.com.ar\/sitio\/wp-content\/uploads\/2018\/08\/INFO-31-08-18-proximas-fechas-300x121.jpg 300w, https:\/\/eldiariodesanpedro.com.ar\/sitio\/wp-content\/uploads\/2018\/08\/INFO-31-08-18-proximas-fechas-768x310.jpg 768w, https:\/\/eldiariodesanpedro.com.ar\/sitio\/wp-content\/uploads\/2018\/08\/INFO-31-08-18-proximas-fechas.jpg 1670w\" data-sizes=\"(max-width: 660px) 100vw, 660px\" src=\"data:image\/svg+xml;base64,PHN2ZyB3aWR0aD0iMSIgaGVpZ2h0PSIxIiB4bWxucz0iaHR0cDovL3d3dy53My5vcmcvMjAwMC9zdmciPjwvc3ZnPg==\" style=\"--smush-placeholder-width: 660px; --smush-placeholder-aspect-ratio: 660\/266;\" \/><\/p>\n","protected":false},"excerpt":{"rendered":"<p>Por la tercera fecha del Torneo Nacional Sub 15 que en su etapa inicial coordina Federaci\u00f3n Norte de F\u00fatbol, el seleccionado sampedrino perdi\u00f3 ante San Antonio de Areco 1 a 0. La falta de efectividad en el \u00e1rea contraria fue lo m\u00e1s notorio del elenco de Gerardo Biain, tuvo algunas chances que el arquero visitante [&hellip;]<\/p>\n","protected":false},"author":4,"featured_media":39364,"comment_status":"open","ping_status":"closed","sticky":false,"template":"","format":"standard","meta":{"om_disable_all_campaigns":false,"_jetpack_memberships_contains_paid_content":false,"footnotes":""},"categories":[5],"tags":[],"class_list":["post-39362","post","type-post","status-publish","format-standard","has-post-thumbnail","hentry","category-deportes"],"aioseo_notices":[],"gutentor_comment":0,"jetpack_featured_media_url":"https:\/\/eldiariodesanpedro.com.ar\/sitio\/wp-content\/uploads\/2018\/08\/sub-15-Con-un-gol-en-contra-perdi\u00f3-el-Selectivo-de-nuestra-ciudad.jpg","jetpack_shortlink":"https:\/\/wp.me\/p6RhLt-aeS","jetpack_sharing_enabled":true,"_links":{"self":[{"href":"https:\/\/eldiariodesanpedro.com.ar\/sitio\/wp-json\/wp\/v2\/posts\/39362","targetHints":{"allow":["GET"]}}],"collection":[{"href":"https:\/\/eldiariodesanpedro.com.ar\/sitio\/wp-json\/wp\/v2\/posts"}],"about":[{"href":"https:\/\/eldiariodesanpedro.com.ar\/sitio\/wp-json\/wp\/v2\/types\/post"}],"author":[{"embeddable":true,"href":"https:\/\/eldiariodesanpedro.com.ar\/sitio\/wp-json\/wp\/v2\/users\/4"}],"replies":[{"embeddable":true,"href":"https:\/\/eldiariodesanpedro.com.ar\/sitio\/wp-json\/wp\/v2\/comments?post=39362"}],"version-history":[{"count":1,"href":"https:\/\/eldiariodesanpedro.com.ar\/sitio\/wp-json\/wp\/v2\/posts\/39362\/revisions"}],"predecessor-version":[{"id":39365,"href":"https:\/\/eldiariodesanpedro.com.ar\/sitio\/wp-json\/wp\/v2\/posts\/39362\/revisions\/39365"}],"wp:featuredmedia":[{"embeddable":true,"href":"https:\/\/eldiariodesanpedro.com.ar\/sitio\/wp-json\/wp\/v2\/media\/39364"}],"wp:attachment":[{"href":"https:\/\/eldiariodesanpedro.com.ar\/sitio\/wp-json\/wp\/v2\/media?parent=39362"}],"wp:term":[{"taxonomy":"category","embeddable":true,"href":"https:\/\/eldiariodesanpedro.com.ar\/sitio\/wp-json\/wp\/v2\/categories?post=39362"},{"taxonomy":"post_tag","embeddable":true,"href":"https:\/\/eldiariodesanpedro.com.ar\/sitio\/wp-json\/wp\/v2\/tags?post=39362"}],"curies":[{"name":"wp","href":"https:\/\/api.w.org\/{rel}","templated":true}]}}