{"id":39357,"date":"2018-08-30T21:07:12","date_gmt":"2018-08-31T00:07:12","guid":{"rendered":"https:\/\/eldiariodesanpedro.com.ar\/sitio\/?p=39357"},"modified":"2026-01-24T00:11:08","modified_gmt":"2026-01-24T03:11:08","slug":"distincion-nuestro-colega-jorge-bolla-recibira-la-distincion-del-senado-de-la-nacion","status":"publish","type":"post","link":"https:\/\/eldiariodesanpedro.com.ar\/sitio\/distincion-nuestro-colega-jorge-bolla-recibira-la-distincion-del-senado-de-la-nacion\/","title":{"rendered":"DISTINCI\u00d3N: Nuestro colega Jorge Bolla recibir\u00e1 la distinci\u00f3n del Senado de la Naci\u00f3n"},"content":{"rendered":"<p><!-- VideographyWP Plugin Message: Automatic video embedding prevented by plugin options. --><br \/>\n  El C\u00edrculo de Periodistas Deportivos de Santiago del Estero le hizo entrega al Senador Nacional Gerardo Montenegro el proyecto para la segunda edici\u00f3n de la entrega de distinciones en el Senado de la Naci\u00f3n a once pioneros del periodismo deportivo de la Rep\u00fablica Argentina.<\/p>\n<p>  Ren\u00e9 Paz, Ram\u00f3n \u00c1vila y Julio El\u00edas le entregaron el proyecto avalado por la Federaci\u00f3n Argentina de Periodistas Deportivos donde entre sus argumentos se pretende distinguir a los pioneros de la profesi\u00f3n con m\u00e1s de 30 a\u00f1os en la actividad y que son reconocidos como Maestro del Periodismo Deportivo.<\/p>\n<p><em>  Entre los destacados figuran:<\/em><\/p>\n<p>-Osvaldo Pr\u00edncipi (Mercedes).<br \/>\n-Osvaldo Alfredo Wehbe (C\u00f3rdoba).<br \/>\n-Mario Trucco (Mar del Plata).<br \/>\n-Julio Ricardo (Buenos Aires).<br \/>\n-Carlos Domingo Ricardo (Santiago del Estero).<br \/>\n-Oscar Rub\u00e9n Palacios (Salta).<br \/>\n-Fernando Enrique Pa\u00eds (Paran\u00e1).<br \/>\n-Jorge Alberto Bolla (San Pedro).<br \/>\n-Luis Dar\u00edo Molodezky (Chaco).<br \/>\n-Miguel \u00c1ngel Villalba (San Nicol\u00e1s).<br \/>\n-Carlos Alberto Melano (Chubut).<\/p>\n<p>  En el 2013 y tambi\u00e9n por gesti\u00f3n del ex presidente Ren\u00e9 Alfredo Paz fueron reconocidos en el Senado de la Naci\u00f3n Enrique Macaya M\u00e1rquez (Buenos Aires), Rub\u00e9n Torri (C\u00f3rdoba),Hugo Alberto Lencina (Buenos Aires), Domingo Benevento (Rosario), Fernando Calvetti (Jujuy), Ricardo Nazer (Santiago del Estero), Braulio Ruiz (Comodoro Rivadavia), Luis Sansalone (San Nicol\u00e1s), Eduardo Negro (Z\u00e1rate) y Miguel \u00c1ngel Spir\u00f3pulos (Concepci\u00f3n del Uruguay), en una jornada hist\u00f3rica para el periodismo deportivo nacional.<\/p>\n<p>  Cabe destacar que el a\u00f1o pasado en el Congreso Nacional llevado a cabo en Concepci\u00f3n del Uruguay Rom\u00e1n Manuel Baca recibi\u00f3 distinci\u00f3n por sus a\u00f1os en el Periodismo Deportivo.<\/p>\n","protected":false},"excerpt":{"rendered":"<p>El C\u00edrculo de Periodistas Deportivos de Santiago del Estero le hizo entrega al Senador Nacional Gerardo Montenegro el proyecto para la segunda edici\u00f3n de la entrega de distinciones en el Senado de la Naci\u00f3n a once pioneros del periodismo deportivo de la Rep\u00fablica Argentina. Ren\u00e9 Paz, Ram\u00f3n \u00c1vila y Julio El\u00edas le entregaron el proyecto [&hellip;]<\/p>\n","protected":false},"author":4,"featured_media":11466,"comment_status":"open","ping_status":"closed","sticky":false,"template":"","format":"standard","meta":{"om_disable_all_campaigns":false,"_jetpack_memberships_contains_paid_content":false,"footnotes":""},"categories":[5],"tags":[],"class_list":["post-39357","post","type-post","status-publish","format-standard","has-post-thumbnail","hentry","category-deportes"],"aioseo_notices":[],"gutentor_comment":0,"jetpack_featured_media_url":"https:\/\/eldiariodesanpedro.com.ar\/sitio\/wp-content\/uploads\/2016\/12\/circulo-periodistas-san-pedro.jpg","jetpack_shortlink":"https:\/\/wp.me\/p6RhLt-aeN","jetpack_sharing_enabled":true,"_links":{"self":[{"href":"https:\/\/eldiariodesanpedro.com.ar\/sitio\/wp-json\/wp\/v2\/posts\/39357","targetHints":{"allow":["GET"]}}],"collection":[{"href":"https:\/\/eldiariodesanpedro.com.ar\/sitio\/wp-json\/wp\/v2\/posts"}],"about":[{"href":"https:\/\/eldiariodesanpedro.com.ar\/sitio\/wp-json\/wp\/v2\/types\/post"}],"author":[{"embeddable":true,"href":"https:\/\/eldiariodesanpedro.com.ar\/sitio\/wp-json\/wp\/v2\/users\/4"}],"replies":[{"embeddable":true,"href":"https:\/\/eldiariodesanpedro.com.ar\/sitio\/wp-json\/wp\/v2\/comments?post=39357"}],"version-history":[{"count":2,"href":"https:\/\/eldiariodesanpedro.com.ar\/sitio\/wp-json\/wp\/v2\/posts\/39357\/revisions"}],"predecessor-version":[{"id":39361,"href":"https:\/\/eldiariodesanpedro.com.ar\/sitio\/wp-json\/wp\/v2\/posts\/39357\/revisions\/39361"}],"wp:featuredmedia":[{"embeddable":true,"href":"https:\/\/eldiariodesanpedro.com.ar\/sitio\/wp-json\/wp\/v2\/media\/11466"}],"wp:attachment":[{"href":"https:\/\/eldiariodesanpedro.com.ar\/sitio\/wp-json\/wp\/v2\/media?parent=39357"}],"wp:term":[{"taxonomy":"category","embeddable":true,"href":"https:\/\/eldiariodesanpedro.com.ar\/sitio\/wp-json\/wp\/v2\/categories?post=39357"},{"taxonomy":"post_tag","embeddable":true,"href":"https:\/\/eldiariodesanpedro.com.ar\/sitio\/wp-json\/wp\/v2\/tags?post=39357"}],"curies":[{"name":"wp","href":"https:\/\/api.w.org\/{rel}","templated":true}]}}