{"id":39355,"date":"2018-08-30T21:07:15","date_gmt":"2018-08-31T00:07:15","guid":{"rendered":"https:\/\/eldiariodesanpedro.com.ar\/sitio\/?p=39355"},"modified":"2026-01-24T00:11:08","modified_gmt":"2026-01-24T03:11:08","slug":"ciclismo-daniel-boaglio-gano-en-lincoln","status":"publish","type":"post","link":"https:\/\/eldiariodesanpedro.com.ar\/sitio\/ciclismo-daniel-boaglio-gano-en-lincoln\/","title":{"rendered":"CICLISMO: Daniel Boaglio gan\u00f3 en Lincoln"},"content":{"rendered":"<p><!-- VideographyWP Plugin Message: Automatic video embedding prevented by plugin options. --><br \/>\nEste domingo, se complet\u00f3 en el \u201c\u00d3valo del Bosque\u201d del Parque General San Mart\u00edn una nueva jornada cicl\u00edstica organizada por la Comisi\u00f3n Municipal, donde no s\u00f3lo se corrieron las siete carreras en mayores, sino que adem\u00e1s sirvi\u00f3 para llevar a cabo la 3ra fecha del Campeonato de Infantiles.<\/p>\n<p>  En tanto, tambi\u00e9n recibi\u00f3 un peque\u00f1o reconocimiento el flamante Campe\u00f3n Panamericano de Cochabamba (Bolivia), Juan Antonio Salazar, ganador de un Oro, una Plata y dos Bronce para la Argentina, y que adem\u00e1s viene de participar en el Mundial de Pista desarrollado en Aigle, Suiza. En Debutantes Mayores gran triunfo de Daniel Boaglio.<\/p>\n<p><strong>DEBUTANTES MAYORES DE 38 A\u00d1OS<\/strong><br \/>\n1\u00ba Daniel Boaglio (San Pedro)<br \/>\n2\u00ba H\u00e9ctor Bel\u00e9n (General Pinto)<br \/>\n3\u00ba Mauricio Gim\u00e9nez (General Pinto)<br \/>\n4\u00ba Gustavo Michelli (Lincoln)<br \/>\n5\u00ba Juan Juarusti (General Villegas)<\/p>\n<p><strong>En Z\u00e1rate<\/strong><br \/>\n  En el circuito Municipal de Z\u00e1rate, la jornada inicio pasada las 10:30 hs. con las categor\u00edas M\u00e1ster \u201cD\u201d y \u201cE\u201d, competencia en la que se impusieron Jorge Filardi (Villa Pueyrred\u00f3n) y Luis Magallanes (Z\u00e1rate) respectivamente.<\/p>\n<p><strong>Debutantes<\/strong><br \/>\n1\u00b0 Rodrigo Ledesma (Luj\u00e1n)<br \/>\n2\u00b0 Emiliano S\u00e1nchez (Villaguay)<br \/>\n3\u00b0 Ricardo \u00c1lvarez (Luj\u00e1n)<br \/>\n4\u00b0 Sergio Polizo (Luj\u00e1n)<br \/>\n5\u00b0 Santiago Luchetti (Lujan)<br \/>\n6\u00b0 Juan D\u00edaz (Capit\u00e1n Sarmiento)<br \/>\n7\u00b0 Valent\u00edn Manso (San Pedro)<\/p>\n<p><strong>M\u00e1ster \u201cB\u201d<\/strong><br \/>\n1\u00b0 Marcos P\u00e9rez (Salto)<br \/>\n2\u00b0 Cristian Basualdo (San Pedro)<br \/>\n3\u00b0 Marcelo Marco (Lobos)<br \/>\n4\u00b0 Javier Lesculie (San Nicol\u00e1s)<br \/>\n5\u00b0 Pablo Drascovich (San Nicol\u00e1s)<\/p>\n","protected":false},"excerpt":{"rendered":"<p>Este domingo, se complet\u00f3 en el \u201c\u00d3valo del Bosque\u201d del Parque General San Mart\u00edn una nueva jornada cicl\u00edstica organizada por la Comisi\u00f3n Municipal, donde no s\u00f3lo se corrieron las siete carreras en mayores, sino que adem\u00e1s sirvi\u00f3 para llevar a cabo la 3ra fecha del Campeonato de Infantiles. En tanto, tambi\u00e9n recibi\u00f3 un peque\u00f1o reconocimiento [&hellip;]<\/p>\n","protected":false},"author":4,"featured_media":39358,"comment_status":"open","ping_status":"closed","sticky":false,"template":"","format":"standard","meta":{"om_disable_all_campaigns":false,"_jetpack_memberships_contains_paid_content":false,"footnotes":""},"categories":[5],"tags":[],"class_list":["post-39355","post","type-post","status-publish","format-standard","has-post-thumbnail","hentry","category-deportes"],"aioseo_notices":[],"gutentor_comment":0,"jetpack_featured_media_url":"https:\/\/eldiariodesanpedro.com.ar\/sitio\/wp-content\/uploads\/2018\/08\/Daniel-Boaglio-en-lo-m\u00e1s-alto-del-podio.jpeg","jetpack_shortlink":"https:\/\/wp.me\/p6RhLt-aeL","jetpack_sharing_enabled":true,"_links":{"self":[{"href":"https:\/\/eldiariodesanpedro.com.ar\/sitio\/wp-json\/wp\/v2\/posts\/39355","targetHints":{"allow":["GET"]}}],"collection":[{"href":"https:\/\/eldiariodesanpedro.com.ar\/sitio\/wp-json\/wp\/v2\/posts"}],"about":[{"href":"https:\/\/eldiariodesanpedro.com.ar\/sitio\/wp-json\/wp\/v2\/types\/post"}],"author":[{"embeddable":true,"href":"https:\/\/eldiariodesanpedro.com.ar\/sitio\/wp-json\/wp\/v2\/users\/4"}],"replies":[{"embeddable":true,"href":"https:\/\/eldiariodesanpedro.com.ar\/sitio\/wp-json\/wp\/v2\/comments?post=39355"}],"version-history":[{"count":1,"href":"https:\/\/eldiariodesanpedro.com.ar\/sitio\/wp-json\/wp\/v2\/posts\/39355\/revisions"}],"predecessor-version":[{"id":39360,"href":"https:\/\/eldiariodesanpedro.com.ar\/sitio\/wp-json\/wp\/v2\/posts\/39355\/revisions\/39360"}],"wp:featuredmedia":[{"embeddable":true,"href":"https:\/\/eldiariodesanpedro.com.ar\/sitio\/wp-json\/wp\/v2\/media\/39358"}],"wp:attachment":[{"href":"https:\/\/eldiariodesanpedro.com.ar\/sitio\/wp-json\/wp\/v2\/media?parent=39355"}],"wp:term":[{"taxonomy":"category","embeddable":true,"href":"https:\/\/eldiariodesanpedro.com.ar\/sitio\/wp-json\/wp\/v2\/categories?post=39355"},{"taxonomy":"post_tag","embeddable":true,"href":"https:\/\/eldiariodesanpedro.com.ar\/sitio\/wp-json\/wp\/v2\/tags?post=39355"}],"curies":[{"name":"wp","href":"https:\/\/api.w.org\/{rel}","templated":true}]}}