{"id":39351,"date":"2018-08-30T21:02:41","date_gmt":"2018-08-31T00:02:41","guid":{"rendered":"https:\/\/eldiariodesanpedro.com.ar\/sitio\/?p=39351"},"modified":"2018-08-30T21:02:41","modified_gmt":"2018-08-31T00:02:41","slug":"el-comisario-general-sergio-perez-confirmo-que-se-va-el-gpm","status":"publish","type":"post","link":"https:\/\/eldiariodesanpedro.com.ar\/sitio\/el-comisario-general-sergio-perez-confirmo-que-se-va-el-gpm\/","title":{"rendered":"El Comisario General Sergio P\u00e9rez confirm\u00f3 que se va el GPM"},"content":{"rendered":"<p><!-- VideographyWP Plugin Message: Automatic video embedding prevented by plugin options. --><br \/>\nEl titular de la Superintendencia de Seguridad Vial de la Provincia de Buenos Aires adelant\u00f3 que el trabajo del Grupo de Prevenci\u00f3n Motorizada concluy\u00f3 y regresa al conurbano.<\/p>\n<p>  Despu\u00e9s de tres d\u00edas de operativos preventivos en la ciudad el Grupo de Prevenci\u00f3n Motorizada dependiente de la Superintendencia de Seguridad Vial que conduce el Comisario general sampedrino Sergio P\u00e9rez se retira de la ciudad.<br \/>\n  Esta es la primera vez que la fuerza efect\u00faa este tipo de tareas en el interior de la provincia y los resultados obtenidos fueron altamente satisfactorios.<br \/>\n  \u00abEl 9 de julio en el acto de Gdor. Castro le coment\u00e9 al Intendente Salazar que ten\u00eda este grupo especial y si quer\u00eda pod\u00eda venir a trabajar a la ciudad\u00bb, cont\u00f3 en el aire de FM G\u00e9nesis el Comisario General Sergio P\u00e9rez.<br \/>\n  \u00abEs un grupo especial que trabaja en el conurbano, nos pusimos de acuerdo hasta que en esta semana lo pudimos mandar\u00bb. \u00abA este tipo de tareas le llamamos operativo saturaci\u00f3n, el municipio y la comisaria nos pasan informaci\u00f3n y nosotros nos dirigimos a esos puntos donde identificamos a gente, motos y autos, lo hacemos en movimientos y nos vamos cambiando de sector cada una hora\u00bb, cont\u00f3 el funcionario.<br \/>\n  \u00abEn San Pedro nos han dado todas las comodidades y agradezco al Intendente y a los funcionarios Roleri y Ag\u00fcero. Me compromet\u00ed a que vayan una vez al mes, pero depende del trabajo que tenga este grupo\u00bb.<br \/>\n  \u00abHoy (por el martes) estamos terminando con nuestra tarea. Hubo un error de informaci\u00f3n en cuanto a los d\u00edas en que trabajar\u00edamos y se lo comuniqu\u00e9 a la Departamental para que no haya confusi\u00f3n. Adem\u00e1s, nuestra presencia ya perdi\u00f3 sorpresa porque la misma gente se va avisando por donde andamos, varios vecinos me hicieron llegar los audios\u00bb, asegur\u00f3 el Comisario General. <\/p>\n","protected":false},"excerpt":{"rendered":"<p>El titular de la Superintendencia de Seguridad Vial de la Provincia de Buenos Aires adelant\u00f3 que el trabajo del Grupo de Prevenci\u00f3n Motorizada concluy\u00f3 y regresa al conurbano. Despu\u00e9s de tres d\u00edas de operativos preventivos en la ciudad el Grupo de Prevenci\u00f3n Motorizada dependiente de la Superintendencia de Seguridad Vial que conduce el Comisario general [&hellip;]<\/p>\n","protected":false},"author":4,"featured_media":39353,"comment_status":"open","ping_status":"closed","sticky":false,"template":"","format":"standard","meta":{"om_disable_all_campaigns":false,"_jetpack_memberships_contains_paid_content":false,"footnotes":""},"categories":[2,103],"tags":[],"class_list":["post-39351","post","type-post","status-publish","format-standard","has-post-thumbnail","hentry","category-locales","category-policiales-locales"],"aioseo_notices":[],"gutentor_comment":0,"jetpack_featured_media_url":"https:\/\/eldiariodesanpedro.com.ar\/sitio\/wp-content\/uploads\/2018\/08\/PAGINA-5-dos.jpg","jetpack_shortlink":"https:\/\/wp.me\/p6RhLt-aeH","jetpack_sharing_enabled":true,"_links":{"self":[{"href":"https:\/\/eldiariodesanpedro.com.ar\/sitio\/wp-json\/wp\/v2\/posts\/39351","targetHints":{"allow":["GET"]}}],"collection":[{"href":"https:\/\/eldiariodesanpedro.com.ar\/sitio\/wp-json\/wp\/v2\/posts"}],"about":[{"href":"https:\/\/eldiariodesanpedro.com.ar\/sitio\/wp-json\/wp\/v2\/types\/post"}],"author":[{"embeddable":true,"href":"https:\/\/eldiariodesanpedro.com.ar\/sitio\/wp-json\/wp\/v2\/users\/4"}],"replies":[{"embeddable":true,"href":"https:\/\/eldiariodesanpedro.com.ar\/sitio\/wp-json\/wp\/v2\/comments?post=39351"}],"version-history":[{"count":1,"href":"https:\/\/eldiariodesanpedro.com.ar\/sitio\/wp-json\/wp\/v2\/posts\/39351\/revisions"}],"predecessor-version":[{"id":39356,"href":"https:\/\/eldiariodesanpedro.com.ar\/sitio\/wp-json\/wp\/v2\/posts\/39351\/revisions\/39356"}],"wp:featuredmedia":[{"embeddable":true,"href":"https:\/\/eldiariodesanpedro.com.ar\/sitio\/wp-json\/wp\/v2\/media\/39353"}],"wp:attachment":[{"href":"https:\/\/eldiariodesanpedro.com.ar\/sitio\/wp-json\/wp\/v2\/media?parent=39351"}],"wp:term":[{"taxonomy":"category","embeddable":true,"href":"https:\/\/eldiariodesanpedro.com.ar\/sitio\/wp-json\/wp\/v2\/categories?post=39351"},{"taxonomy":"post_tag","embeddable":true,"href":"https:\/\/eldiariodesanpedro.com.ar\/sitio\/wp-json\/wp\/v2\/tags?post=39351"}],"curies":[{"name":"wp","href":"https:\/\/api.w.org\/{rel}","templated":true}]}}