{"id":39346,"date":"2018-08-30T18:18:53","date_gmt":"2018-08-30T21:18:53","guid":{"rendered":"https:\/\/eldiariodesanpedro.com.ar\/sitio\/?p=39346"},"modified":"2018-08-30T18:18:53","modified_gmt":"2018-08-30T21:18:53","slug":"se-realizara-una-charla-en-la-escuela-normal","status":"publish","type":"post","link":"https:\/\/eldiariodesanpedro.com.ar\/sitio\/se-realizara-una-charla-en-la-escuela-normal\/","title":{"rendered":"Se realizar\u00e1 una charla en la Escuela Normal"},"content":{"rendered":"<p><!-- VideographyWP Plugin Message: Automatic video embedding prevented by plugin options. --><br \/>\nSe realizar\u00e1 una charla de Gabriela Mansilla, este viernes, 18.30 hs ser\u00e1 en el sal\u00f3n de actos de la Escuela Normal. <\/p>\n<p>El evento est\u00e1 organizado por el Movimiento de Mujeres Sampedrinas Minerva Mirabal y habr\u00e1 un bono contribuci\u00f3n a $30 para solventar los gastos de la actividad. Con la colaboraci\u00f3n, participan del sorteo de un libro. <\/p>\n<p>Gabriela Mansilla es la mam\u00e1 de Luana, la primera nena trans en Argentina en obtener su DNI sin amparo judicial, un hecho que tuvo adem\u00e1s trascendencia internacional quien ya tiene escrito dos libros.<\/p>\n","protected":false},"excerpt":{"rendered":"<p>Se realizar\u00e1 una charla de Gabriela Mansilla, este viernes, 18.30 hs ser\u00e1 en el sal\u00f3n de actos de la Escuela Normal. El evento est\u00e1 organizado por el Movimiento de Mujeres Sampedrinas Minerva Mirabal y habr\u00e1 un bono contribuci\u00f3n a $30 para solventar los gastos de la actividad. Con la colaboraci\u00f3n, participan del sorteo de un [&hellip;]<\/p>\n","protected":false},"author":4,"featured_media":39347,"comment_status":"open","ping_status":"closed","sticky":false,"template":"","format":"standard","meta":{"om_disable_all_campaigns":false,"_jetpack_memberships_contains_paid_content":false,"footnotes":""},"categories":[101,2],"tags":[],"class_list":["post-39346","post","type-post","status-publish","format-standard","has-post-thumbnail","hentry","category-interes-general-locales","category-locales"],"aioseo_notices":[],"gutentor_comment":0,"jetpack_featured_media_url":"https:\/\/eldiariodesanpedro.com.ar\/sitio\/wp-content\/uploads\/2018\/08\/WhatsApp-Image-2018-08-30-at-16.59.08.jpeg","jetpack_shortlink":"https:\/\/wp.me\/p6RhLt-aeC","jetpack_sharing_enabled":true,"_links":{"self":[{"href":"https:\/\/eldiariodesanpedro.com.ar\/sitio\/wp-json\/wp\/v2\/posts\/39346","targetHints":{"allow":["GET"]}}],"collection":[{"href":"https:\/\/eldiariodesanpedro.com.ar\/sitio\/wp-json\/wp\/v2\/posts"}],"about":[{"href":"https:\/\/eldiariodesanpedro.com.ar\/sitio\/wp-json\/wp\/v2\/types\/post"}],"author":[{"embeddable":true,"href":"https:\/\/eldiariodesanpedro.com.ar\/sitio\/wp-json\/wp\/v2\/users\/4"}],"replies":[{"embeddable":true,"href":"https:\/\/eldiariodesanpedro.com.ar\/sitio\/wp-json\/wp\/v2\/comments?post=39346"}],"version-history":[{"count":1,"href":"https:\/\/eldiariodesanpedro.com.ar\/sitio\/wp-json\/wp\/v2\/posts\/39346\/revisions"}],"predecessor-version":[{"id":39348,"href":"https:\/\/eldiariodesanpedro.com.ar\/sitio\/wp-json\/wp\/v2\/posts\/39346\/revisions\/39348"}],"wp:featuredmedia":[{"embeddable":true,"href":"https:\/\/eldiariodesanpedro.com.ar\/sitio\/wp-json\/wp\/v2\/media\/39347"}],"wp:attachment":[{"href":"https:\/\/eldiariodesanpedro.com.ar\/sitio\/wp-json\/wp\/v2\/media?parent=39346"}],"wp:term":[{"taxonomy":"category","embeddable":true,"href":"https:\/\/eldiariodesanpedro.com.ar\/sitio\/wp-json\/wp\/v2\/categories?post=39346"},{"taxonomy":"post_tag","embeddable":true,"href":"https:\/\/eldiariodesanpedro.com.ar\/sitio\/wp-json\/wp\/v2\/tags?post=39346"}],"curies":[{"name":"wp","href":"https:\/\/api.w.org\/{rel}","templated":true}]}}