{"id":39338,"date":"2018-08-30T18:05:48","date_gmt":"2018-08-30T21:05:48","guid":{"rendered":"https:\/\/eldiariodesanpedro.com.ar\/sitio\/?p=39338"},"modified":"2018-08-30T18:05:48","modified_gmt":"2018-08-30T21:05:48","slug":"el-intendente-recibio-a-los-representantes-de-gpm","status":"publish","type":"post","link":"https:\/\/eldiariodesanpedro.com.ar\/sitio\/el-intendente-recibio-a-los-representantes-de-gpm\/","title":{"rendered":"El intendente recibi\u00f3 a los representantes de GPM"},"content":{"rendered":"<p><!-- VideographyWP Plugin Message: Automatic video embedding prevented by plugin options. --><br \/>\nEl Intendente Municipal Cecilio Salazar y miembros del gabinete recibieron en el despacho oficial a representantes de las fuerzas de seguridad que cumplieron durante los \u00faltimos d\u00edas con un operativo especial de prevenci\u00f3n del delito y control que result\u00f3 sumamente positivo. Un equipo del Grupo de Prevenci\u00f3n Motorizada (GPM) de la Superintendencia de Seguridad Vial despleg\u00f3 efectivos en la ciudad y volver\u00e1 a hacerlo de manera sorpresiva en fechas pr\u00f3ximas.<\/p>\n<p>El Intendente y su equipo agradecieron a las autoridades responsables y entregaron un reconocimiento al Comisario Alejandro Pol, Comisario General Augusto Sergio P\u00e9rez, y al Comisario Inspector Daniel Albero Quevedo.<\/p>\n<p>La evaluaci\u00f3n de los resultados obtenidos fue altamente satisfactoria y ante la buena recepci\u00f3n de los vecinos y la voluntad del estado local de extremar las medidas para mejorar las condiciones de seguridad, habr\u00e1 nuevos operativos en fechas pr\u00f3ximas.<\/p>\n<p><img decoding=\"async\" data-attachment-id=\"39339\" data-permalink=\"https:\/\/eldiariodesanpedro.com.ar\/sitio\/el-intendente-recibio-a-los-representantes-de-gpm\/bi4a7842\/\" data-orig-file=\"https:\/\/eldiariodesanpedro.com.ar\/sitio\/wp-content\/uploads\/2018\/08\/BI4A7842-e1535662978154.jpg\" data-orig-size=\"1200,800\" data-comments-opened=\"1\" data-image-meta=\"{&quot;aperture&quot;:&quot;4&quot;,&quot;credit&quot;:&quot;&quot;,&quot;camera&quot;:&quot;Canon EOS 5D Mark III&quot;,&quot;caption&quot;:&quot;&quot;,&quot;created_timestamp&quot;:&quot;1543239399&quot;,&quot;copyright&quot;:&quot;&quot;,&quot;focal_length&quot;:&quot;24&quot;,&quot;iso&quot;:&quot;400&quot;,&quot;shutter_speed&quot;:&quot;0.016666666666667&quot;,&quot;title&quot;:&quot;&quot;,&quot;orientation&quot;:&quot;0&quot;}\" data-image-title=\"BI4A7842\" data-image-description=\"\" data-image-caption=\"\" data-large-file=\"https:\/\/eldiariodesanpedro.com.ar\/sitio\/wp-content\/uploads\/2018\/08\/BI4A7842-1024x683.jpg\" data-src=\"https:\/\/eldiariodesanpedro.com.ar\/sitio\/wp-content\/uploads\/2018\/08\/BI4A7842-1024x683.jpg\" alt=\"\" width=\"660\" height=\"440\" class=\"alignnone size-large wp-image-39339 lazyload\" src=\"data:image\/svg+xml;base64,PHN2ZyB3aWR0aD0iMSIgaGVpZ2h0PSIxIiB4bWxucz0iaHR0cDovL3d3dy53My5vcmcvMjAwMC9zdmciPjwvc3ZnPg==\" style=\"--smush-placeholder-width: 660px; --smush-placeholder-aspect-ratio: 660\/440;\" \/><\/p>\n<p><img decoding=\"async\" data-attachment-id=\"39340\" data-permalink=\"https:\/\/eldiariodesanpedro.com.ar\/sitio\/el-intendente-recibio-a-los-representantes-de-gpm\/bi4a7844\/\" data-orig-file=\"https:\/\/eldiariodesanpedro.com.ar\/sitio\/wp-content\/uploads\/2018\/08\/BI4A7844-e1535663003913.jpg\" data-orig-size=\"1200,850\" data-comments-opened=\"1\" data-image-meta=\"{&quot;aperture&quot;:&quot;4&quot;,&quot;credit&quot;:&quot;&quot;,&quot;camera&quot;:&quot;Canon EOS 5D Mark III&quot;,&quot;caption&quot;:&quot;&quot;,&quot;created_timestamp&quot;:&quot;1543239470&quot;,&quot;copyright&quot;:&quot;&quot;,&quot;focal_length&quot;:&quot;24&quot;,&quot;iso&quot;:&quot;400&quot;,&quot;shutter_speed&quot;:&quot;0.016666666666667&quot;,&quot;title&quot;:&quot;&quot;,&quot;orientation&quot;:&quot;0&quot;}\" data-image-title=\"BI4A7844\" data-image-description=\"\" data-image-caption=\"\" data-large-file=\"https:\/\/eldiariodesanpedro.com.ar\/sitio\/wp-content\/uploads\/2018\/08\/BI4A7844-1024x725.jpg\" data-src=\"https:\/\/eldiariodesanpedro.com.ar\/sitio\/wp-content\/uploads\/2018\/08\/BI4A7844-1024x725.jpg\" alt=\"\" width=\"660\" height=\"467\" class=\"alignnone size-large wp-image-39340 lazyload\" src=\"data:image\/svg+xml;base64,PHN2ZyB3aWR0aD0iMSIgaGVpZ2h0PSIxIiB4bWxucz0iaHR0cDovL3d3dy53My5vcmcvMjAwMC9zdmciPjwvc3ZnPg==\" style=\"--smush-placeholder-width: 660px; --smush-placeholder-aspect-ratio: 660\/467;\" \/><\/p>\n<p><img decoding=\"async\" data-attachment-id=\"39341\" data-permalink=\"https:\/\/eldiariodesanpedro.com.ar\/sitio\/el-intendente-recibio-a-los-representantes-de-gpm\/bi4a7847\/\" data-orig-file=\"https:\/\/eldiariodesanpedro.com.ar\/sitio\/wp-content\/uploads\/2018\/08\/BI4A7847-e1535663028411.jpg\" data-orig-size=\"1200,825\" data-comments-opened=\"1\" data-image-meta=\"{&quot;aperture&quot;:&quot;4&quot;,&quot;credit&quot;:&quot;&quot;,&quot;camera&quot;:&quot;Canon EOS 5D Mark III&quot;,&quot;caption&quot;:&quot;&quot;,&quot;created_timestamp&quot;:&quot;1543239485&quot;,&quot;copyright&quot;:&quot;&quot;,&quot;focal_length&quot;:&quot;24&quot;,&quot;iso&quot;:&quot;400&quot;,&quot;shutter_speed&quot;:&quot;0.016666666666667&quot;,&quot;title&quot;:&quot;&quot;,&quot;orientation&quot;:&quot;0&quot;}\" data-image-title=\"BI4A7847\" data-image-description=\"\" data-image-caption=\"\" data-large-file=\"https:\/\/eldiariodesanpedro.com.ar\/sitio\/wp-content\/uploads\/2018\/08\/BI4A7847-1024x704.jpg\" data-src=\"https:\/\/eldiariodesanpedro.com.ar\/sitio\/wp-content\/uploads\/2018\/08\/BI4A7847-1024x704.jpg\" alt=\"\" width=\"660\" height=\"454\" class=\"alignnone size-large wp-image-39341 lazyload\" src=\"data:image\/svg+xml;base64,PHN2ZyB3aWR0aD0iMSIgaGVpZ2h0PSIxIiB4bWxucz0iaHR0cDovL3d3dy53My5vcmcvMjAwMC9zdmciPjwvc3ZnPg==\" style=\"--smush-placeholder-width: 660px; --smush-placeholder-aspect-ratio: 660\/454;\" \/><\/p>\n<p><img decoding=\"async\" data-attachment-id=\"39342\" data-permalink=\"https:\/\/eldiariodesanpedro.com.ar\/sitio\/el-intendente-recibio-a-los-representantes-de-gpm\/bi4a7850\/\" data-orig-file=\"https:\/\/eldiariodesanpedro.com.ar\/sitio\/wp-content\/uploads\/2018\/08\/BI4A7850-e1535663050102.jpg\" data-orig-size=\"1200,764\" data-comments-opened=\"1\" data-image-meta=\"{&quot;aperture&quot;:&quot;4&quot;,&quot;credit&quot;:&quot;&quot;,&quot;camera&quot;:&quot;Canon EOS 5D Mark III&quot;,&quot;caption&quot;:&quot;&quot;,&quot;created_timestamp&quot;:&quot;1543239503&quot;,&quot;copyright&quot;:&quot;&quot;,&quot;focal_length&quot;:&quot;28&quot;,&quot;iso&quot;:&quot;400&quot;,&quot;shutter_speed&quot;:&quot;0.016666666666667&quot;,&quot;title&quot;:&quot;&quot;,&quot;orientation&quot;:&quot;0&quot;}\" data-image-title=\"BI4A7850\" data-image-description=\"\" data-image-caption=\"\" data-large-file=\"https:\/\/eldiariodesanpedro.com.ar\/sitio\/wp-content\/uploads\/2018\/08\/BI4A7850-1024x652.jpg\" data-src=\"https:\/\/eldiariodesanpedro.com.ar\/sitio\/wp-content\/uploads\/2018\/08\/BI4A7850-1024x652.jpg\" alt=\"\" width=\"660\" height=\"420\" class=\"alignnone size-large wp-image-39342 lazyload\" src=\"data:image\/svg+xml;base64,PHN2ZyB3aWR0aD0iMSIgaGVpZ2h0PSIxIiB4bWxucz0iaHR0cDovL3d3dy53My5vcmcvMjAwMC9zdmciPjwvc3ZnPg==\" style=\"--smush-placeholder-width: 660px; --smush-placeholder-aspect-ratio: 660\/420;\" \/><\/p>\n<p><img decoding=\"async\" data-attachment-id=\"39343\" data-permalink=\"https:\/\/eldiariodesanpedro.com.ar\/sitio\/el-intendente-recibio-a-los-representantes-de-gpm\/bi4a7853\/\" data-orig-file=\"https:\/\/eldiariodesanpedro.com.ar\/sitio\/wp-content\/uploads\/2018\/08\/BI4A7853-e1535663075864.jpg\" data-orig-size=\"1200,847\" data-comments-opened=\"1\" data-image-meta=\"{&quot;aperture&quot;:&quot;4&quot;,&quot;credit&quot;:&quot;&quot;,&quot;camera&quot;:&quot;Canon EOS 5D Mark III&quot;,&quot;caption&quot;:&quot;&quot;,&quot;created_timestamp&quot;:&quot;1543239515&quot;,&quot;copyright&quot;:&quot;&quot;,&quot;focal_length&quot;:&quot;40&quot;,&quot;iso&quot;:&quot;400&quot;,&quot;shutter_speed&quot;:&quot;0.016666666666667&quot;,&quot;title&quot;:&quot;&quot;,&quot;orientation&quot;:&quot;0&quot;}\" data-image-title=\"BI4A7853\" data-image-description=\"\" data-image-caption=\"\" data-large-file=\"https:\/\/eldiariodesanpedro.com.ar\/sitio\/wp-content\/uploads\/2018\/08\/BI4A7853-1024x722.jpg\" data-src=\"https:\/\/eldiariodesanpedro.com.ar\/sitio\/wp-content\/uploads\/2018\/08\/BI4A7853-1024x722.jpg\" alt=\"\" width=\"660\" height=\"465\" class=\"alignnone size-large wp-image-39343 lazyload\" src=\"data:image\/svg+xml;base64,PHN2ZyB3aWR0aD0iMSIgaGVpZ2h0PSIxIiB4bWxucz0iaHR0cDovL3d3dy53My5vcmcvMjAwMC9zdmciPjwvc3ZnPg==\" style=\"--smush-placeholder-width: 660px; --smush-placeholder-aspect-ratio: 660\/465;\" \/><\/p>\n","protected":false},"excerpt":{"rendered":"<p>El Intendente Municipal Cecilio Salazar y miembros del gabinete recibieron en el despacho oficial a representantes de las fuerzas de seguridad que cumplieron durante los \u00faltimos d\u00edas con un operativo especial de prevenci\u00f3n del delito y control que result\u00f3 sumamente positivo. Un equipo del Grupo de Prevenci\u00f3n Motorizada (GPM) de la Superintendencia de Seguridad Vial [&hellip;]<\/p>\n","protected":false},"author":4,"featured_media":39344,"comment_status":"open","ping_status":"closed","sticky":false,"template":"","format":"standard","meta":{"om_disable_all_campaigns":false,"_jetpack_memberships_contains_paid_content":false,"footnotes":""},"categories":[2,102],"tags":[],"class_list":["post-39338","post","type-post","status-publish","format-standard","has-post-thumbnail","hentry","category-locales","category-politica-locales"],"aioseo_notices":[],"gutentor_comment":0,"jetpack_featured_media_url":"https:\/\/eldiariodesanpedro.com.ar\/sitio\/wp-content\/uploads\/2018\/08\/PAGINA-4-DOS-1.jpg","jetpack_shortlink":"https:\/\/wp.me\/p6RhLt-aeu","jetpack_sharing_enabled":true,"_links":{"self":[{"href":"https:\/\/eldiariodesanpedro.com.ar\/sitio\/wp-json\/wp\/v2\/posts\/39338","targetHints":{"allow":["GET"]}}],"collection":[{"href":"https:\/\/eldiariodesanpedro.com.ar\/sitio\/wp-json\/wp\/v2\/posts"}],"about":[{"href":"https:\/\/eldiariodesanpedro.com.ar\/sitio\/wp-json\/wp\/v2\/types\/post"}],"author":[{"embeddable":true,"href":"https:\/\/eldiariodesanpedro.com.ar\/sitio\/wp-json\/wp\/v2\/users\/4"}],"replies":[{"embeddable":true,"href":"https:\/\/eldiariodesanpedro.com.ar\/sitio\/wp-json\/wp\/v2\/comments?post=39338"}],"version-history":[{"count":1,"href":"https:\/\/eldiariodesanpedro.com.ar\/sitio\/wp-json\/wp\/v2\/posts\/39338\/revisions"}],"predecessor-version":[{"id":39345,"href":"https:\/\/eldiariodesanpedro.com.ar\/sitio\/wp-json\/wp\/v2\/posts\/39338\/revisions\/39345"}],"wp:featuredmedia":[{"embeddable":true,"href":"https:\/\/eldiariodesanpedro.com.ar\/sitio\/wp-json\/wp\/v2\/media\/39344"}],"wp:attachment":[{"href":"https:\/\/eldiariodesanpedro.com.ar\/sitio\/wp-json\/wp\/v2\/media?parent=39338"}],"wp:term":[{"taxonomy":"category","embeddable":true,"href":"https:\/\/eldiariodesanpedro.com.ar\/sitio\/wp-json\/wp\/v2\/categories?post=39338"},{"taxonomy":"post_tag","embeddable":true,"href":"https:\/\/eldiariodesanpedro.com.ar\/sitio\/wp-json\/wp\/v2\/tags?post=39338"}],"curies":[{"name":"wp","href":"https:\/\/api.w.org\/{rel}","templated":true}]}}