{"id":39335,"date":"2018-08-30T17:57:12","date_gmt":"2018-08-30T20:57:12","guid":{"rendered":"https:\/\/eldiariodesanpedro.com.ar\/sitio\/?p=39335"},"modified":"2018-08-30T17:57:12","modified_gmt":"2018-08-30T20:57:12","slug":"jornada-de-la-secretaria-de-simplificacion-de-productiva","status":"publish","type":"post","link":"https:\/\/eldiariodesanpedro.com.ar\/sitio\/jornada-de-la-secretaria-de-simplificacion-de-productiva\/","title":{"rendered":"Jornada de la Secretar\u00eda de Simplificaci\u00f3n de Productiva"},"content":{"rendered":"<p><!-- VideographyWP Plugin Message: Automatic video embedding prevented by plugin options. --><br \/>\nSe desarrollo en la Casona de la Direcci\u00f3n de Turismo una capacitaci\u00f3n regional a cargo de la Secretar\u00eda de Simplificaci\u00f3n Productiva, perteneciente al Ministerio de Producci\u00f3n de la Naci\u00f3n. La Municipalidad de San Pedro particip\u00f3 con referentes de la Direcci\u00f3n de Modernizaci\u00f3n y la Secretar\u00eda de Econom\u00eda. Entre los disertantes estuvieron Tom\u00e1s Chedufau, Coordinador Nacional de simplificaci\u00f3n municipal y Florencia Pombo, Coordinadora de simplificaci\u00f3n normativa adem\u00e1s de otros integrantes del equipo de esta repartici\u00f3n. Durante la charla se realiz\u00f3 una presentaci\u00f3n general de las acciones del \u00e1rea y luego en mesas de trabajo se expusieron novedades relacionadas a procesos legales, habilitaciones y sistemas, todos ejes en los que se viene trabajando para optimizar los procedimientos internos y la agilizaci\u00f3n de tr\u00e1mites para emprendedores y contribuyentes.<\/p>\n","protected":false},"excerpt":{"rendered":"<p>Se desarrollo en la Casona de la Direcci\u00f3n de Turismo una capacitaci\u00f3n regional a cargo de la Secretar\u00eda de Simplificaci\u00f3n Productiva, perteneciente al Ministerio de Producci\u00f3n de la Naci\u00f3n. La Municipalidad de San Pedro particip\u00f3 con referentes de la Direcci\u00f3n de Modernizaci\u00f3n y la Secretar\u00eda de Econom\u00eda. Entre los disertantes estuvieron Tom\u00e1s Chedufau, Coordinador Nacional [&hellip;]<\/p>\n","protected":false},"author":4,"featured_media":39336,"comment_status":"open","ping_status":"closed","sticky":false,"template":"","format":"standard","meta":{"om_disable_all_campaigns":false,"_jetpack_memberships_contains_paid_content":false,"footnotes":""},"categories":[101,2],"tags":[],"class_list":["post-39335","post","type-post","status-publish","format-standard","has-post-thumbnail","hentry","category-interes-general-locales","category-locales"],"aioseo_notices":[],"gutentor_comment":0,"jetpack_featured_media_url":"https:\/\/eldiariodesanpedro.com.ar\/sitio\/wp-content\/uploads\/2018\/08\/PAGINA-4-DOS.png","jetpack_shortlink":"https:\/\/wp.me\/p6RhLt-aer","jetpack_sharing_enabled":true,"_links":{"self":[{"href":"https:\/\/eldiariodesanpedro.com.ar\/sitio\/wp-json\/wp\/v2\/posts\/39335","targetHints":{"allow":["GET"]}}],"collection":[{"href":"https:\/\/eldiariodesanpedro.com.ar\/sitio\/wp-json\/wp\/v2\/posts"}],"about":[{"href":"https:\/\/eldiariodesanpedro.com.ar\/sitio\/wp-json\/wp\/v2\/types\/post"}],"author":[{"embeddable":true,"href":"https:\/\/eldiariodesanpedro.com.ar\/sitio\/wp-json\/wp\/v2\/users\/4"}],"replies":[{"embeddable":true,"href":"https:\/\/eldiariodesanpedro.com.ar\/sitio\/wp-json\/wp\/v2\/comments?post=39335"}],"version-history":[{"count":1,"href":"https:\/\/eldiariodesanpedro.com.ar\/sitio\/wp-json\/wp\/v2\/posts\/39335\/revisions"}],"predecessor-version":[{"id":39337,"href":"https:\/\/eldiariodesanpedro.com.ar\/sitio\/wp-json\/wp\/v2\/posts\/39335\/revisions\/39337"}],"wp:featuredmedia":[{"embeddable":true,"href":"https:\/\/eldiariodesanpedro.com.ar\/sitio\/wp-json\/wp\/v2\/media\/39336"}],"wp:attachment":[{"href":"https:\/\/eldiariodesanpedro.com.ar\/sitio\/wp-json\/wp\/v2\/media?parent=39335"}],"wp:term":[{"taxonomy":"category","embeddable":true,"href":"https:\/\/eldiariodesanpedro.com.ar\/sitio\/wp-json\/wp\/v2\/categories?post=39335"},{"taxonomy":"post_tag","embeddable":true,"href":"https:\/\/eldiariodesanpedro.com.ar\/sitio\/wp-json\/wp\/v2\/tags?post=39335"}],"curies":[{"name":"wp","href":"https:\/\/api.w.org\/{rel}","templated":true}]}}