{"id":39321,"date":"2018-08-30T17:36:37","date_gmt":"2018-08-30T20:36:37","guid":{"rendered":"https:\/\/eldiariodesanpedro.com.ar\/sitio\/?p=39321"},"modified":"2018-08-30T17:36:37","modified_gmt":"2018-08-30T20:36:37","slug":"san-nicolas-detienen-a-un-presunto-traficante-y-capturan-a-una-mujer-buscada-por-homicidio","status":"publish","type":"post","link":"https:\/\/eldiariodesanpedro.com.ar\/sitio\/san-nicolas-detienen-a-un-presunto-traficante-y-capturan-a-una-mujer-buscada-por-homicidio\/","title":{"rendered":"SAN NICOL\u00c1S: Detienen a un presunto traficante y capturan a una mujer buscada por homicidio"},"content":{"rendered":"<p><!-- VideographyWP Plugin Message: Automatic video embedding prevented by plugin options. --><br \/>\nPersonal del Gabinete de Prevenci\u00f3n de la Comisar\u00eda Tercera, juntamente con Delegaci\u00f3n de Drogas Il\u00edcitas San Nicol\u00e1s, luego de arduas tareas de campo, aprehendieron a un sujeto acusado de venta de estupefacientes y a una mujer con pedido de captura por homicidio.<\/p>\n<p>Personal del Gabinete de Prevenci\u00f3n de la Comisar\u00eda Tercera, juntamente con agentes de la Delegaci\u00f3n de Drogas Il\u00edcitas San Nicol\u00e1s, luego de arduas tareas de campo y averiguaciones practicadas, elevaron los resultados de la carpeta investigativa a la UFI Nro. 1, tematizada en comercializaci\u00f3n de estupefacientes, donde se otorg\u00f3 por  Juzgado de Garant\u00edas Nro. 1, la orden de allanamiento para un domicilio de calle Otero donde todo indicaba que se podr\u00edan estar comercializando drogas.<\/p>\n<p>Allanamiento<br \/>\nEl operativo se efectu\u00f3 en una vivienda de calle Otero, donde se procedi\u00f3 al secuestro de 250 gramos de Clorhidrato de Coca\u00edna en trozo, una balanza de precisi\u00f3n digital, elementos de cortes para  estiramiento, y a la aprehensi\u00f3n de un sujeto de 27 a\u00f1os. Asimismo, tambi\u00e9n se procedieron a cursar los datos filiatorios de una mujer de 20 a\u00f1os, al \u201cSistema de Emergencia Inform\u00e1tico 911\u201d, estableciendo que la misma posee pedido de paradero activo, por \u201cHomicidio\u201d, del 8 de septiembre del 2017, a solicitud de Juzgado Correccional n\u00b0 2 San Nicol\u00e1s. Se labraron actuaciones penales caratuladas \u201cInfracci\u00f3n ley 23737 (por comercializaci\u00f3n de estupefacientes)\u201d, con intervenci\u00f3n de la UFI n\u00b01 San Nicol\u00e1s.<\/p>\n<p>Fuente: Diario El Norte<\/p>\n","protected":false},"excerpt":{"rendered":"<p>Personal del Gabinete de Prevenci\u00f3n de la Comisar\u00eda Tercera, juntamente con Delegaci\u00f3n de Drogas Il\u00edcitas San Nicol\u00e1s, luego de arduas tareas de campo, aprehendieron a un sujeto acusado de venta de estupefacientes y a una mujer con pedido de captura por homicidio. Personal del Gabinete de Prevenci\u00f3n de la Comisar\u00eda Tercera, juntamente con agentes de [&hellip;]<\/p>\n","protected":false},"author":4,"featured_media":39322,"comment_status":"open","ping_status":"closed","sticky":false,"template":"","format":"standard","meta":{"om_disable_all_campaigns":false,"_jetpack_memberships_contains_paid_content":false,"footnotes":""},"categories":[621],"tags":[],"class_list":["post-39321","post","type-post","status-publish","format-standard","has-post-thumbnail","hentry","category-regionales"],"aioseo_notices":[],"gutentor_comment":0,"jetpack_featured_media_url":"https:\/\/eldiariodesanpedro.com.ar\/sitio\/wp-content\/uploads\/2018\/08\/PAGINA-7-DOS.jpg","jetpack_shortlink":"https:\/\/wp.me\/p6RhLt-aed","jetpack_sharing_enabled":true,"_links":{"self":[{"href":"https:\/\/eldiariodesanpedro.com.ar\/sitio\/wp-json\/wp\/v2\/posts\/39321","targetHints":{"allow":["GET"]}}],"collection":[{"href":"https:\/\/eldiariodesanpedro.com.ar\/sitio\/wp-json\/wp\/v2\/posts"}],"about":[{"href":"https:\/\/eldiariodesanpedro.com.ar\/sitio\/wp-json\/wp\/v2\/types\/post"}],"author":[{"embeddable":true,"href":"https:\/\/eldiariodesanpedro.com.ar\/sitio\/wp-json\/wp\/v2\/users\/4"}],"replies":[{"embeddable":true,"href":"https:\/\/eldiariodesanpedro.com.ar\/sitio\/wp-json\/wp\/v2\/comments?post=39321"}],"version-history":[{"count":1,"href":"https:\/\/eldiariodesanpedro.com.ar\/sitio\/wp-json\/wp\/v2\/posts\/39321\/revisions"}],"predecessor-version":[{"id":39323,"href":"https:\/\/eldiariodesanpedro.com.ar\/sitio\/wp-json\/wp\/v2\/posts\/39321\/revisions\/39323"}],"wp:featuredmedia":[{"embeddable":true,"href":"https:\/\/eldiariodesanpedro.com.ar\/sitio\/wp-json\/wp\/v2\/media\/39322"}],"wp:attachment":[{"href":"https:\/\/eldiariodesanpedro.com.ar\/sitio\/wp-json\/wp\/v2\/media?parent=39321"}],"wp:term":[{"taxonomy":"category","embeddable":true,"href":"https:\/\/eldiariodesanpedro.com.ar\/sitio\/wp-json\/wp\/v2\/categories?post=39321"},{"taxonomy":"post_tag","embeddable":true,"href":"https:\/\/eldiariodesanpedro.com.ar\/sitio\/wp-json\/wp\/v2\/tags?post=39321"}],"curies":[{"name":"wp","href":"https:\/\/api.w.org\/{rel}","templated":true}]}}