{"id":39317,"date":"2018-08-30T17:34:16","date_gmt":"2018-08-30T20:34:16","guid":{"rendered":"https:\/\/eldiariodesanpedro.com.ar\/sitio\/?p=39317"},"modified":"2018-08-30T17:34:54","modified_gmt":"2018-08-30T20:34:54","slug":"san-nicolas-murio-un-hombre-al-volcar-su-auto-en-autopista-y-ruta-no-188","status":"publish","type":"post","link":"https:\/\/eldiariodesanpedro.com.ar\/sitio\/san-nicolas-murio-un-hombre-al-volcar-su-auto-en-autopista-y-ruta-no-188\/","title":{"rendered":"SAN NICOL\u00c1S: Muri\u00f3 un hombre al volcar su auto en Autopista y Ruta n\u00ba 188"},"content":{"rendered":"<p><!-- VideographyWP Plugin Message: Automatic video embedding prevented by plugin options. --><br \/>\nAyer cerca de las 14.00, por causas que se deben esclarecer, un autom\u00f3vil marca Citro\u00ebn C4, de color bordo conducido por H\u00e9ctor Fern\u00e1ndez de 74 a\u00f1os, acompa\u00f1ado de Eva Bernal de 70 a\u00f1os, volc\u00f3 en el cruce de la ruta 188 y la ruta 9.<\/p>\n<p>Como consecuencia de este grave accidente, H\u00e9ctor perdi\u00f3 la vida, mientras que la mujer fue trasladada de urgencia al Hospital San Felipe. En el lugar se hicieron presentes peritos y medico de la polic\u00eda a los fines de determinar los causales del fatal vuelco.<\/p>\n<p>Fuente: Diario EL Norte<\/p>\n","protected":false},"excerpt":{"rendered":"<p>Ayer cerca de las 14.00, por causas que se deben esclarecer, un autom\u00f3vil marca Citro\u00ebn C4, de color bordo conducido por H\u00e9ctor Fern\u00e1ndez de 74 a\u00f1os, acompa\u00f1ado de Eva Bernal de 70 a\u00f1os, volc\u00f3 en el cruce de la ruta 188 y la ruta 9. Como consecuencia de este grave accidente, H\u00e9ctor perdi\u00f3 la vida, [&hellip;]<\/p>\n","protected":false},"author":4,"featured_media":39318,"comment_status":"open","ping_status":"closed","sticky":false,"template":"","format":"standard","meta":{"om_disable_all_campaigns":false,"_jetpack_memberships_contains_paid_content":false,"footnotes":""},"categories":[621],"tags":[],"class_list":["post-39317","post","type-post","status-publish","format-standard","has-post-thumbnail","hentry","category-regionales"],"aioseo_notices":[],"gutentor_comment":0,"jetpack_featured_media_url":"https:\/\/eldiariodesanpedro.com.ar\/sitio\/wp-content\/uploads\/2018\/08\/PAGINA-7-UNO.jpg","jetpack_shortlink":"https:\/\/wp.me\/p6RhLt-ae9","jetpack_sharing_enabled":true,"_links":{"self":[{"href":"https:\/\/eldiariodesanpedro.com.ar\/sitio\/wp-json\/wp\/v2\/posts\/39317","targetHints":{"allow":["GET"]}}],"collection":[{"href":"https:\/\/eldiariodesanpedro.com.ar\/sitio\/wp-json\/wp\/v2\/posts"}],"about":[{"href":"https:\/\/eldiariodesanpedro.com.ar\/sitio\/wp-json\/wp\/v2\/types\/post"}],"author":[{"embeddable":true,"href":"https:\/\/eldiariodesanpedro.com.ar\/sitio\/wp-json\/wp\/v2\/users\/4"}],"replies":[{"embeddable":true,"href":"https:\/\/eldiariodesanpedro.com.ar\/sitio\/wp-json\/wp\/v2\/comments?post=39317"}],"version-history":[{"count":2,"href":"https:\/\/eldiariodesanpedro.com.ar\/sitio\/wp-json\/wp\/v2\/posts\/39317\/revisions"}],"predecessor-version":[{"id":39320,"href":"https:\/\/eldiariodesanpedro.com.ar\/sitio\/wp-json\/wp\/v2\/posts\/39317\/revisions\/39320"}],"wp:featuredmedia":[{"embeddable":true,"href":"https:\/\/eldiariodesanpedro.com.ar\/sitio\/wp-json\/wp\/v2\/media\/39318"}],"wp:attachment":[{"href":"https:\/\/eldiariodesanpedro.com.ar\/sitio\/wp-json\/wp\/v2\/media?parent=39317"}],"wp:term":[{"taxonomy":"category","embeddable":true,"href":"https:\/\/eldiariodesanpedro.com.ar\/sitio\/wp-json\/wp\/v2\/categories?post=39317"},{"taxonomy":"post_tag","embeddable":true,"href":"https:\/\/eldiariodesanpedro.com.ar\/sitio\/wp-json\/wp\/v2\/tags?post=39317"}],"curies":[{"name":"wp","href":"https:\/\/api.w.org\/{rel}","templated":true}]}}