{"id":39315,"date":"2018-08-30T17:32:12","date_gmt":"2018-08-30T20:32:12","guid":{"rendered":"https:\/\/eldiariodesanpedro.com.ar\/sitio\/?p=39315"},"modified":"2018-08-30T17:32:12","modified_gmt":"2018-08-30T20:32:12","slug":"baradero-los-oficiales-rios-y-gorosito-junto-al-bombero-valle-se-reunieron-con-antonijevic","status":"publish","type":"post","link":"https:\/\/eldiariodesanpedro.com.ar\/sitio\/baradero-los-oficiales-rios-y-gorosito-junto-al-bombero-valle-se-reunieron-con-antonijevic\/","title":{"rendered":"BARADERO: Los oficiales R\u00edos y Gorosito junto al Bombero Valle se reunieron con Antonijevic"},"content":{"rendered":"<p><!-- VideographyWP Plugin Message: Automatic video embedding prevented by plugin options. --><br \/>\nLos recibi\u00f3 esta ma\u00f1ana en su despacho donde compartieron un desayuno. Fue tras el trabajo y reconocimiento que recibi\u00f3 tanto la Polic\u00eda Comunal como Bomberos luego del incendio ocurrido en la vivienda de calle Che Guevara 40.<\/p>\n<p>Tras finalizar la misma Tu Radio entrevist\u00f3 a los concurrentes.<\/p>\n<p>El oficial Danilo R\u00edos, esto dijo en la ma\u00f1ana de \u201cContacto Directo\u201d.<\/p>\n<p>Por su parte el efectivo Mauricio Gorosito, cont\u00f3 sobre su trabajo en Baradero. El mismo viene de San Nicol\u00e1s a la ciudad a cumplir horarios en la Polic\u00eda local.<\/p>\n<p>En \u00faltimo lugar habl\u00f3 el Bombero Ariel Valle quien agradeci\u00f3 a la comunidad y destac\u00f3 el trabajo del grupo de Bomberos. <\/p>\n<p>De la misma particip\u00f3 el subcomisario Mario Mendez. Tu Radio lo consult\u00f3 respecto de la decisi\u00f3n de la superioridad policial de no permitir la concurrencia de los efectivos al programa de TELEFE.<\/p>\n<p>Recordemos que ayer se hizo un informe para el noticiero de Nicol\u00e1s Repetto donde estuvieron los bomberos y la familia damnificada. No as\u00ed la polic\u00eda.<\/p>\n<p>\u201cLo va a canalizar prensa del ministerio. Es una disposici\u00f3n de la superioridad. Si bien uno no puede compartirlo es la orden que lleg\u00f3\u201d, relat\u00f3 el subcomisario.<\/p>\n<p>Fuente: Tu Linea Directa<\/p>\n","protected":false},"excerpt":{"rendered":"<p>Los recibi\u00f3 esta ma\u00f1ana en su despacho donde compartieron un desayuno. Fue tras el trabajo y reconocimiento que recibi\u00f3 tanto la Polic\u00eda Comunal como Bomberos luego del incendio ocurrido en la vivienda de calle Che Guevara 40. Tras finalizar la misma Tu Radio entrevist\u00f3 a los concurrentes. El oficial Danilo R\u00edos, esto dijo en la [&hellip;]<\/p>\n","protected":false},"author":4,"featured_media":39312,"comment_status":"open","ping_status":"closed","sticky":false,"template":"","format":"standard","meta":{"om_disable_all_campaigns":false,"_jetpack_memberships_contains_paid_content":false,"footnotes":""},"categories":[621],"tags":[],"class_list":["post-39315","post","type-post","status-publish","format-standard","has-post-thumbnail","hentry","category-regionales"],"aioseo_notices":[],"gutentor_comment":0,"jetpack_featured_media_url":"https:\/\/eldiariodesanpedro.com.ar\/sitio\/wp-content\/uploads\/2018\/08\/WhatsApp-Image-2018-08-30-at-10.28.55-AM.jpeg","jetpack_shortlink":"https:\/\/wp.me\/p6RhLt-ae7","jetpack_sharing_enabled":true,"_links":{"self":[{"href":"https:\/\/eldiariodesanpedro.com.ar\/sitio\/wp-json\/wp\/v2\/posts\/39315","targetHints":{"allow":["GET"]}}],"collection":[{"href":"https:\/\/eldiariodesanpedro.com.ar\/sitio\/wp-json\/wp\/v2\/posts"}],"about":[{"href":"https:\/\/eldiariodesanpedro.com.ar\/sitio\/wp-json\/wp\/v2\/types\/post"}],"author":[{"embeddable":true,"href":"https:\/\/eldiariodesanpedro.com.ar\/sitio\/wp-json\/wp\/v2\/users\/4"}],"replies":[{"embeddable":true,"href":"https:\/\/eldiariodesanpedro.com.ar\/sitio\/wp-json\/wp\/v2\/comments?post=39315"}],"version-history":[{"count":1,"href":"https:\/\/eldiariodesanpedro.com.ar\/sitio\/wp-json\/wp\/v2\/posts\/39315\/revisions"}],"predecessor-version":[{"id":39316,"href":"https:\/\/eldiariodesanpedro.com.ar\/sitio\/wp-json\/wp\/v2\/posts\/39315\/revisions\/39316"}],"wp:featuredmedia":[{"embeddable":true,"href":"https:\/\/eldiariodesanpedro.com.ar\/sitio\/wp-json\/wp\/v2\/media\/39312"}],"wp:attachment":[{"href":"https:\/\/eldiariodesanpedro.com.ar\/sitio\/wp-json\/wp\/v2\/media?parent=39315"}],"wp:term":[{"taxonomy":"category","embeddable":true,"href":"https:\/\/eldiariodesanpedro.com.ar\/sitio\/wp-json\/wp\/v2\/categories?post=39315"},{"taxonomy":"post_tag","embeddable":true,"href":"https:\/\/eldiariodesanpedro.com.ar\/sitio\/wp-json\/wp\/v2\/tags?post=39315"}],"curies":[{"name":"wp","href":"https:\/\/api.w.org\/{rel}","templated":true}]}}