{"id":39311,"date":"2018-08-30T17:27:29","date_gmt":"2018-08-30T20:27:29","guid":{"rendered":"https:\/\/eldiariodesanpedro.com.ar\/sitio\/?p=39311"},"modified":"2018-08-30T17:27:29","modified_gmt":"2018-08-30T20:27:29","slug":"baradero-se-suspendio-el-remate-de-una-de-las-propiedades-de-germaiz","status":"publish","type":"post","link":"https:\/\/eldiariodesanpedro.com.ar\/sitio\/baradero-se-suspendio-el-remate-de-una-de-las-propiedades-de-germaiz\/","title":{"rendered":"BARADERO: Se suspendi\u00f3 el remate de una de las propiedades de Germa\u00edz"},"content":{"rendered":"<p><!-- VideographyWP Plugin Message: Automatic video embedding prevented by plugin options. --><br \/>\nLa noticia la dieron a conocer los trabajadores esta ma\u00f1ana. Desconocen los motivos. Recordemos que para el 27 de agosto estaba previsto el remate de un departamento ubicado en torre Bulnes. Pero por causas que se desconocen se pospuso.<\/p>\n<p>La noticia de los remates de propiedades de la ex Germa\u00edz se conoci\u00f3 hace algunos d\u00edas tras la publicaci\u00f3n del edicto judicial. En el mismo se establec\u00eda que el 27 de agosto se rematar\u00eda un departamento y el 12 de septiembre una casa.<\/p>\n<p>Ambas propiedades pertenec\u00edan a la empresa que cerr\u00f3 hace dos a\u00f1os y posteriormente present\u00f3 quiebra.<\/p>\n<p>El departamento que se iba a rematar el lunes est\u00e1 ubicado en torre Bulnes y fue valuado en alrededor de U$S 50.000. Mientras que el 12 de septiembre ser\u00e1 el turno de una vivienda ubicada en O\u00b4roarke 2350.<\/p>\n<p>Con respecto a la operaci\u00f3n este medio recibi\u00f3 la informaci\u00f3n por parte de ex trabajadores quienes dijeron desconocer los motivos de la suspensi\u00f3n que fue pospuesta para dentro de un mes.<\/p>\n","protected":false},"excerpt":{"rendered":"<p>La noticia la dieron a conocer los trabajadores esta ma\u00f1ana. Desconocen los motivos. Recordemos que para el 27 de agosto estaba previsto el remate de un departamento ubicado en torre Bulnes. Pero por causas que se desconocen se pospuso. La noticia de los remates de propiedades de la ex Germa\u00edz se conoci\u00f3 hace algunos d\u00edas [&hellip;]<\/p>\n","protected":false},"author":4,"featured_media":39313,"comment_status":"open","ping_status":"closed","sticky":false,"template":"","format":"standard","meta":{"om_disable_all_campaigns":false,"_jetpack_memberships_contains_paid_content":false,"footnotes":""},"categories":[621],"tags":[],"class_list":["post-39311","post","type-post","status-publish","format-standard","has-post-thumbnail","hentry","category-regionales"],"aioseo_notices":[],"gutentor_comment":0,"jetpack_featured_media_url":"https:\/\/eldiariodesanpedro.com.ar\/sitio\/wp-content\/uploads\/2018\/08\/WhatsApp-Image-2018-08-21-at-10.48.23-AM-1.jpeg","jetpack_shortlink":"https:\/\/wp.me\/p6RhLt-ae3","jetpack_sharing_enabled":true,"_links":{"self":[{"href":"https:\/\/eldiariodesanpedro.com.ar\/sitio\/wp-json\/wp\/v2\/posts\/39311","targetHints":{"allow":["GET"]}}],"collection":[{"href":"https:\/\/eldiariodesanpedro.com.ar\/sitio\/wp-json\/wp\/v2\/posts"}],"about":[{"href":"https:\/\/eldiariodesanpedro.com.ar\/sitio\/wp-json\/wp\/v2\/types\/post"}],"author":[{"embeddable":true,"href":"https:\/\/eldiariodesanpedro.com.ar\/sitio\/wp-json\/wp\/v2\/users\/4"}],"replies":[{"embeddable":true,"href":"https:\/\/eldiariodesanpedro.com.ar\/sitio\/wp-json\/wp\/v2\/comments?post=39311"}],"version-history":[{"count":1,"href":"https:\/\/eldiariodesanpedro.com.ar\/sitio\/wp-json\/wp\/v2\/posts\/39311\/revisions"}],"predecessor-version":[{"id":39314,"href":"https:\/\/eldiariodesanpedro.com.ar\/sitio\/wp-json\/wp\/v2\/posts\/39311\/revisions\/39314"}],"wp:featuredmedia":[{"embeddable":true,"href":"https:\/\/eldiariodesanpedro.com.ar\/sitio\/wp-json\/wp\/v2\/media\/39313"}],"wp:attachment":[{"href":"https:\/\/eldiariodesanpedro.com.ar\/sitio\/wp-json\/wp\/v2\/media?parent=39311"}],"wp:term":[{"taxonomy":"category","embeddable":true,"href":"https:\/\/eldiariodesanpedro.com.ar\/sitio\/wp-json\/wp\/v2\/categories?post=39311"},{"taxonomy":"post_tag","embeddable":true,"href":"https:\/\/eldiariodesanpedro.com.ar\/sitio\/wp-json\/wp\/v2\/tags?post=39311"}],"curies":[{"name":"wp","href":"https:\/\/api.w.org\/{rel}","templated":true}]}}