{"id":39308,"date":"2018-08-30T17:19:07","date_gmt":"2018-08-30T20:19:07","guid":{"rendered":"https:\/\/eldiariodesanpedro.com.ar\/sitio\/?p=39308"},"modified":"2018-08-30T17:19:07","modified_gmt":"2018-08-30T20:19:07","slug":"campana-la-asociacion-civil-k-9-campana-cumple-dos-anos","status":"publish","type":"post","link":"https:\/\/eldiariodesanpedro.com.ar\/sitio\/campana-la-asociacion-civil-k-9-campana-cumple-dos-anos\/","title":{"rendered":"CAMPANA: La Asociaci\u00f3n Civil K-9 Campana cumple dos a\u00f1os"},"content":{"rendered":"<p><!-- VideographyWP Plugin Message: Automatic video embedding prevented by plugin options. --><br \/>\nUn 30 de Agosto del 2016 un grupo de personas veian la necesidad de que nuestra ciudad, Campana, cuente con un equipo especializado para buscar personas desaparecidas, y as\u00ed, con el apoyo de la comunidad, se fund\u00f3 la ONG ASOCIACI\u00d3N CIVIL K9 CAMPANA.<\/p>\n<p>Actualmente, con mas de 20 voluntarios y 8 binomios, trabajan d\u00eda a d\u00eda para contribuir a la sociedad; con personas que llegaron y se fueron, otras que se quedaron y otras tantas que est\u00e1n por comenzar.<\/p>\n<p>Nuestros canes, los que hacen el trabajo, siempre dispuestos a ayudar, listos y preparados para salir siempre a trabajar. Ya dos a\u00f1os pasaron de aquel d\u00eda donde comenzaba un gran proyecto que hoy se esta llevando a cabo.<\/p>\n<p>Agradecemos a las muchas personas que d\u00eda a d\u00eda nos alientan y son el motivo por el cu\u00e1l seguimos. A cada voluntario, que da lo mejor de s\u00ed, sin importar nada, y da algo que jam\u00e1s recuperar\u00e1, su tiempo. Con acierto y fallas, con tropezones y ganas de aprender, se contin\u00faa un camino proyectado por unos pocos y que hoy lo recorren muchos, a la par.<\/p>\n<p>Hoy se cumple nuestro segundo aniversario de fundaci\u00f3n con mas de 150 operativos y trabajos junto a Fuerzas de Seguridad Federales y capacitaciones en diferentes pa\u00edses; por todo ello, saludamos a cada integrante, y le agradecemos por todo lo que hacen por cada vecino al que ayudan. Gracias, muchas gracias, a seguir siempre para adelante!<\/p>\n<p>Fuente: Enlace Crtitico<\/p>\n","protected":false},"excerpt":{"rendered":"<p>Un 30 de Agosto del 2016 un grupo de personas veian la necesidad de que nuestra ciudad, Campana, cuente con un equipo especializado para buscar personas desaparecidas, y as\u00ed, con el apoyo de la comunidad, se fund\u00f3 la ONG ASOCIACI\u00d3N CIVIL K9 CAMPANA. Actualmente, con mas de 20 voluntarios y 8 binomios, trabajan d\u00eda a [&hellip;]<\/p>\n","protected":false},"author":4,"featured_media":39309,"comment_status":"open","ping_status":"closed","sticky":false,"template":"","format":"standard","meta":{"om_disable_all_campaigns":false,"_jetpack_memberships_contains_paid_content":false,"footnotes":""},"categories":[621],"tags":[],"class_list":["post-39308","post","type-post","status-publish","format-standard","has-post-thumbnail","hentry","category-regionales"],"aioseo_notices":[],"gutentor_comment":0,"jetpack_featured_media_url":"https:\/\/eldiariodesanpedro.com.ar\/sitio\/wp-content\/uploads\/2018\/08\/K9.jpg","jetpack_shortlink":"https:\/\/wp.me\/p6RhLt-ae0","jetpack_sharing_enabled":true,"_links":{"self":[{"href":"https:\/\/eldiariodesanpedro.com.ar\/sitio\/wp-json\/wp\/v2\/posts\/39308","targetHints":{"allow":["GET"]}}],"collection":[{"href":"https:\/\/eldiariodesanpedro.com.ar\/sitio\/wp-json\/wp\/v2\/posts"}],"about":[{"href":"https:\/\/eldiariodesanpedro.com.ar\/sitio\/wp-json\/wp\/v2\/types\/post"}],"author":[{"embeddable":true,"href":"https:\/\/eldiariodesanpedro.com.ar\/sitio\/wp-json\/wp\/v2\/users\/4"}],"replies":[{"embeddable":true,"href":"https:\/\/eldiariodesanpedro.com.ar\/sitio\/wp-json\/wp\/v2\/comments?post=39308"}],"version-history":[{"count":1,"href":"https:\/\/eldiariodesanpedro.com.ar\/sitio\/wp-json\/wp\/v2\/posts\/39308\/revisions"}],"predecessor-version":[{"id":39310,"href":"https:\/\/eldiariodesanpedro.com.ar\/sitio\/wp-json\/wp\/v2\/posts\/39308\/revisions\/39310"}],"wp:featuredmedia":[{"embeddable":true,"href":"https:\/\/eldiariodesanpedro.com.ar\/sitio\/wp-json\/wp\/v2\/media\/39309"}],"wp:attachment":[{"href":"https:\/\/eldiariodesanpedro.com.ar\/sitio\/wp-json\/wp\/v2\/media?parent=39308"}],"wp:term":[{"taxonomy":"category","embeddable":true,"href":"https:\/\/eldiariodesanpedro.com.ar\/sitio\/wp-json\/wp\/v2\/categories?post=39308"},{"taxonomy":"post_tag","embeddable":true,"href":"https:\/\/eldiariodesanpedro.com.ar\/sitio\/wp-json\/wp\/v2\/tags?post=39308"}],"curies":[{"name":"wp","href":"https:\/\/api.w.org\/{rel}","templated":true}]}}