{"id":39305,"date":"2018-08-30T17:13:59","date_gmt":"2018-08-30T20:13:59","guid":{"rendered":"https:\/\/eldiariodesanpedro.com.ar\/sitio\/?p=39305"},"modified":"2018-08-30T17:13:59","modified_gmt":"2018-08-30T20:13:59","slug":"san-nicolas-la-gobernadora-maria-eugenia-vidal-estuvo-en-san-nicolas","status":"publish","type":"post","link":"https:\/\/eldiariodesanpedro.com.ar\/sitio\/san-nicolas-la-gobernadora-maria-eugenia-vidal-estuvo-en-san-nicolas\/","title":{"rendered":"SAN NICOL\u00c1S: La Gobernadora Mar\u00eda Eugenia Vidal estuvo en San Nicol\u00e1s"},"content":{"rendered":"<p><!-- VideographyWP Plugin Message: Automatic video embedding prevented by plugin options. --><br \/>\nLa gobernadora bonarense Mar\u00eda Eugenia Vidal estuvo ayer en nuestra ciudad. Se reuni\u00f3 con el Intendente Manuel Passaglia y con el Diputado Provincial Santiago Passaglia. Recorri\u00f3 distintas obras que se ejecutan en San Nicol\u00e1s, y al hablar con la prensa (foto) manifest\u00f3: \u201cHoy la situaci\u00f3n del pa\u00eds exige que hagamos acuerdos cortos, que vayamos midiendo la recaudaci\u00f3n de la Provincia para no comprometernos m\u00e1s all\u00e1 de lo que podemos cumplir\u201d.<\/p>\n<p>La gobernadora Mar\u00eda Eugenia Vidal hab\u00eda encabezado previamente una reuni\u00f3n de su gabinete en la ciudad de Rojas, en el norte del interior bonaerense. La iniciativa para llevar los encuentros del gabinete al interior se da luego de que Vidal ordenara a sus ministros multiplicar la presencia territorial en medio de la crisis econ\u00f3mica. La reuni\u00f3n contendr\u00e1 informes de algunos ministros sobre la situaci\u00f3n de los distritos del norte bonaerense.<\/p>\n<p>Fuente: Diario El Norte<\/p>\n","protected":false},"excerpt":{"rendered":"<p>La gobernadora bonarense Mar\u00eda Eugenia Vidal estuvo ayer en nuestra ciudad. Se reuni\u00f3 con el Intendente Manuel Passaglia y con el Diputado Provincial Santiago Passaglia. Recorri\u00f3 distintas obras que se ejecutan en San Nicol\u00e1s, y al hablar con la prensa (foto) manifest\u00f3: \u201cHoy la situaci\u00f3n del pa\u00eds exige que hagamos acuerdos cortos, que vayamos midiendo [&hellip;]<\/p>\n","protected":false},"author":4,"featured_media":39306,"comment_status":"open","ping_status":"closed","sticky":false,"template":"","format":"standard","meta":{"om_disable_all_campaigns":false,"_jetpack_memberships_contains_paid_content":false,"footnotes":""},"categories":[621],"tags":[],"class_list":["post-39305","post","type-post","status-publish","format-standard","has-post-thumbnail","hentry","category-regionales"],"aioseo_notices":[],"gutentor_comment":0,"jetpack_featured_media_url":"https:\/\/eldiariodesanpedro.com.ar\/sitio\/wp-content\/uploads\/2018\/08\/elnorte5b87095c47e27_vidal-san-nicolas.jpg","jetpack_shortlink":"https:\/\/wp.me\/p6RhLt-adX","jetpack_sharing_enabled":true,"_links":{"self":[{"href":"https:\/\/eldiariodesanpedro.com.ar\/sitio\/wp-json\/wp\/v2\/posts\/39305","targetHints":{"allow":["GET"]}}],"collection":[{"href":"https:\/\/eldiariodesanpedro.com.ar\/sitio\/wp-json\/wp\/v2\/posts"}],"about":[{"href":"https:\/\/eldiariodesanpedro.com.ar\/sitio\/wp-json\/wp\/v2\/types\/post"}],"author":[{"embeddable":true,"href":"https:\/\/eldiariodesanpedro.com.ar\/sitio\/wp-json\/wp\/v2\/users\/4"}],"replies":[{"embeddable":true,"href":"https:\/\/eldiariodesanpedro.com.ar\/sitio\/wp-json\/wp\/v2\/comments?post=39305"}],"version-history":[{"count":1,"href":"https:\/\/eldiariodesanpedro.com.ar\/sitio\/wp-json\/wp\/v2\/posts\/39305\/revisions"}],"predecessor-version":[{"id":39307,"href":"https:\/\/eldiariodesanpedro.com.ar\/sitio\/wp-json\/wp\/v2\/posts\/39305\/revisions\/39307"}],"wp:featuredmedia":[{"embeddable":true,"href":"https:\/\/eldiariodesanpedro.com.ar\/sitio\/wp-json\/wp\/v2\/media\/39306"}],"wp:attachment":[{"href":"https:\/\/eldiariodesanpedro.com.ar\/sitio\/wp-json\/wp\/v2\/media?parent=39305"}],"wp:term":[{"taxonomy":"category","embeddable":true,"href":"https:\/\/eldiariodesanpedro.com.ar\/sitio\/wp-json\/wp\/v2\/categories?post=39305"},{"taxonomy":"post_tag","embeddable":true,"href":"https:\/\/eldiariodesanpedro.com.ar\/sitio\/wp-json\/wp\/v2\/tags?post=39305"}],"curies":[{"name":"wp","href":"https:\/\/api.w.org\/{rel}","templated":true}]}}