{"id":39301,"date":"2018-08-30T09:30:45","date_gmt":"2018-08-30T12:30:45","guid":{"rendered":"https:\/\/eldiariodesanpedro.com.ar\/sitio\/?p=39301"},"modified":"2018-08-30T09:30:45","modified_gmt":"2018-08-30T12:30:45","slug":"se-recupero-una-moto-con-pedido-de-secuestro-activo-3","status":"publish","type":"post","link":"https:\/\/eldiariodesanpedro.com.ar\/sitio\/se-recupero-una-moto-con-pedido-de-secuestro-activo-3\/","title":{"rendered":"Se recupero una moto con pedido de secuestro activo"},"content":{"rendered":"<p><!-- VideographyWP Plugin Message: Automatic video embedding prevented by plugin options. --><br \/>\nEste mi\u00e9rcoles, en intersecci\u00f3n de las calles Molina y Lucio Mansilla,  proceden a la identificaci\u00f3n de un joven de 24 a\u00f1os de edad, quien se movilizaba en una motocicleta  marca Honda 150 cc, la cual registra un pedido activo por el delito de hurto, solicitado por la Fiscal\u00eda de DON TORCUATO, Dpto Judicial San Isidro, con fecha de alta el 22 de Junio del 2015.<br \/>\nSe procede al  traslado del joven juntamente con el rodado a la Dependencia.<\/p>\n<p><img decoding=\"async\" data-attachment-id=\"39298\" data-permalink=\"https:\/\/eldiariodesanpedro.com.ar\/sitio\/se-secuestro-una-camioneta-que-en-su-interior-llevaba-gran-cantidad-de-marihuana\/whatsapp-image-2018-08-30-at-08-57-54\/\" data-orig-file=\"https:\/\/eldiariodesanpedro.com.ar\/sitio\/wp-content\/uploads\/2018\/08\/WhatsApp-Image-2018-08-30-at-08.57.54.jpeg\" data-orig-size=\"780,1040\" data-comments-opened=\"1\" data-image-meta=\"{&quot;aperture&quot;:&quot;0&quot;,&quot;credit&quot;:&quot;&quot;,&quot;camera&quot;:&quot;&quot;,&quot;caption&quot;:&quot;&quot;,&quot;created_timestamp&quot;:&quot;0&quot;,&quot;copyright&quot;:&quot;&quot;,&quot;focal_length&quot;:&quot;0&quot;,&quot;iso&quot;:&quot;0&quot;,&quot;shutter_speed&quot;:&quot;0&quot;,&quot;title&quot;:&quot;&quot;,&quot;orientation&quot;:&quot;0&quot;}\" data-image-title=\"WhatsApp Image 2018-08-30 at 08.57.54\" data-image-description=\"\" data-image-caption=\"\" data-large-file=\"https:\/\/eldiariodesanpedro.com.ar\/sitio\/wp-content\/uploads\/2018\/08\/WhatsApp-Image-2018-08-30-at-08.57.54-768x1024.jpeg\" data-src=\"https:\/\/eldiariodesanpedro.com.ar\/sitio\/wp-content\/uploads\/2018\/08\/WhatsApp-Image-2018-08-30-at-08.57.54-768x1024.jpeg\" alt=\"\" width=\"660\" height=\"880\" class=\"alignnone size-large wp-image-39298 lazyload\" data-srcset=\"https:\/\/eldiariodesanpedro.com.ar\/sitio\/wp-content\/uploads\/2018\/08\/WhatsApp-Image-2018-08-30-at-08.57.54-768x1024.jpeg 768w, https:\/\/eldiariodesanpedro.com.ar\/sitio\/wp-content\/uploads\/2018\/08\/WhatsApp-Image-2018-08-30-at-08.57.54-225x300.jpeg 225w, https:\/\/eldiariodesanpedro.com.ar\/sitio\/wp-content\/uploads\/2018\/08\/WhatsApp-Image-2018-08-30-at-08.57.54.jpeg 780w\" data-sizes=\"(max-width: 660px) 100vw, 660px\" src=\"data:image\/svg+xml;base64,PHN2ZyB3aWR0aD0iMSIgaGVpZ2h0PSIxIiB4bWxucz0iaHR0cDovL3d3dy53My5vcmcvMjAwMC9zdmciPjwvc3ZnPg==\" style=\"--smush-placeholder-width: 660px; --smush-placeholder-aspect-ratio: 660\/880;\" \/><\/p>\n<p>Tambi\u00e9n en Avenida 11 de Septiembre y Av Boulevard Moreno,, se identific\u00f3 a un ciudadano de 47, estableci\u00e9ndose  que posee un pedido de paradero activo , solicitado por Fiscalia de  San Pedro, con fecha de alta 3 de Mayo del 2016 por usurpaci\u00f3n de inmueble.     <\/p>\n","protected":false},"excerpt":{"rendered":"<p>Este mi\u00e9rcoles, en intersecci\u00f3n de las calles Molina y Lucio Mansilla, proceden a la identificaci\u00f3n de un joven de 24 a\u00f1os de edad, quien se movilizaba en una motocicleta marca Honda 150 cc, la cual registra un pedido activo por el delito de hurto, solicitado por la Fiscal\u00eda de DON TORCUATO, Dpto Judicial San Isidro, [&hellip;]<\/p>\n","protected":false},"author":4,"featured_media":39230,"comment_status":"open","ping_status":"closed","sticky":false,"template":"","format":"standard","meta":{"om_disable_all_campaigns":false,"_jetpack_memberships_contains_paid_content":false,"footnotes":""},"categories":[2,103],"tags":[],"class_list":["post-39301","post","type-post","status-publish","format-standard","has-post-thumbnail","hentry","category-locales","category-policiales-locales"],"aioseo_notices":[],"gutentor_comment":0,"jetpack_featured_media_url":"https:\/\/eldiariodesanpedro.com.ar\/sitio\/wp-content\/uploads\/2018\/08\/patrullero-policia_3.jpg","jetpack_shortlink":"https:\/\/wp.me\/p6RhLt-adT","jetpack_sharing_enabled":true,"_links":{"self":[{"href":"https:\/\/eldiariodesanpedro.com.ar\/sitio\/wp-json\/wp\/v2\/posts\/39301","targetHints":{"allow":["GET"]}}],"collection":[{"href":"https:\/\/eldiariodesanpedro.com.ar\/sitio\/wp-json\/wp\/v2\/posts"}],"about":[{"href":"https:\/\/eldiariodesanpedro.com.ar\/sitio\/wp-json\/wp\/v2\/types\/post"}],"author":[{"embeddable":true,"href":"https:\/\/eldiariodesanpedro.com.ar\/sitio\/wp-json\/wp\/v2\/users\/4"}],"replies":[{"embeddable":true,"href":"https:\/\/eldiariodesanpedro.com.ar\/sitio\/wp-json\/wp\/v2\/comments?post=39301"}],"version-history":[{"count":1,"href":"https:\/\/eldiariodesanpedro.com.ar\/sitio\/wp-json\/wp\/v2\/posts\/39301\/revisions"}],"predecessor-version":[{"id":39302,"href":"https:\/\/eldiariodesanpedro.com.ar\/sitio\/wp-json\/wp\/v2\/posts\/39301\/revisions\/39302"}],"wp:featuredmedia":[{"embeddable":true,"href":"https:\/\/eldiariodesanpedro.com.ar\/sitio\/wp-json\/wp\/v2\/media\/39230"}],"wp:attachment":[{"href":"https:\/\/eldiariodesanpedro.com.ar\/sitio\/wp-json\/wp\/v2\/media?parent=39301"}],"wp:term":[{"taxonomy":"category","embeddable":true,"href":"https:\/\/eldiariodesanpedro.com.ar\/sitio\/wp-json\/wp\/v2\/categories?post=39301"},{"taxonomy":"post_tag","embeddable":true,"href":"https:\/\/eldiariodesanpedro.com.ar\/sitio\/wp-json\/wp\/v2\/tags?post=39301"}],"curies":[{"name":"wp","href":"https:\/\/api.w.org\/{rel}","templated":true}]}}