{"id":39287,"date":"2018-08-30T08:50:02","date_gmt":"2018-08-30T11:50:02","guid":{"rendered":"https:\/\/eldiariodesanpedro.com.ar\/sitio\/?p=39287"},"modified":"2018-08-30T08:50:02","modified_gmt":"2018-08-30T11:50:02","slug":"robo-emprendio-a-la-fuga-descarto-los-elementos-robados-y-fue-aprehendido","status":"publish","type":"post","link":"https:\/\/eldiariodesanpedro.com.ar\/sitio\/robo-emprendio-a-la-fuga-descarto-los-elementos-robados-y-fue-aprehendido\/","title":{"rendered":"Rob\u00f3, emprendi\u00f3 a la fuga, descarto los elementos robados y fue aprehendido"},"content":{"rendered":"<p><!-- VideographyWP Plugin Message: Automatic video embedding prevented by plugin options. --><br \/>\nOtro hecho delictivo ocurri\u00f3 este mi\u00e9rcoles, en un local Comercial ubicado en Mitre al 900, cuando personal policial fue alertado por un empleado, que el delincuente se hab\u00eda dado a la fuga con dos tablet que se encontraban sobre el mostrador. Fue en pleno centro de la ciudad.<\/p>\n<p>Tras r\u00e1pido accionar de los efectivos, el malviviente de 40 a\u00f1os de edad, fue aprehendido en intersecci\u00f3n de las calles Salta y Ruiz Moreno, recuper\u00e1ndose los elementos robados, quien momentos antes hab\u00eda descartado en la v\u00eda publica.<\/p>\n<p>Interviene la Fiscalia N|5 <\/p>\n","protected":false},"excerpt":{"rendered":"<p>Otro hecho delictivo ocurri\u00f3 este mi\u00e9rcoles, en un local Comercial ubicado en Mitre al 900, cuando personal policial fue alertado por un empleado, que el delincuente se hab\u00eda dado a la fuga con dos tablet que se encontraban sobre el mostrador. Fue en pleno centro de la ciudad. Tras r\u00e1pido accionar de los efectivos, el [&hellip;]<\/p>\n","protected":false},"author":4,"featured_media":39230,"comment_status":"open","ping_status":"closed","sticky":false,"template":"","format":"standard","meta":{"om_disable_all_campaigns":false,"_jetpack_memberships_contains_paid_content":false,"footnotes":""},"categories":[50,2,103],"tags":[],"class_list":["post-39287","post","type-post","status-publish","format-standard","has-post-thumbnail","hentry","category-destacadas","category-locales","category-policiales-locales"],"aioseo_notices":[],"gutentor_comment":0,"jetpack_featured_media_url":"https:\/\/eldiariodesanpedro.com.ar\/sitio\/wp-content\/uploads\/2018\/08\/patrullero-policia_3.jpg","jetpack_shortlink":"https:\/\/wp.me\/p6RhLt-adF","jetpack_sharing_enabled":true,"_links":{"self":[{"href":"https:\/\/eldiariodesanpedro.com.ar\/sitio\/wp-json\/wp\/v2\/posts\/39287","targetHints":{"allow":["GET"]}}],"collection":[{"href":"https:\/\/eldiariodesanpedro.com.ar\/sitio\/wp-json\/wp\/v2\/posts"}],"about":[{"href":"https:\/\/eldiariodesanpedro.com.ar\/sitio\/wp-json\/wp\/v2\/types\/post"}],"author":[{"embeddable":true,"href":"https:\/\/eldiariodesanpedro.com.ar\/sitio\/wp-json\/wp\/v2\/users\/4"}],"replies":[{"embeddable":true,"href":"https:\/\/eldiariodesanpedro.com.ar\/sitio\/wp-json\/wp\/v2\/comments?post=39287"}],"version-history":[{"count":1,"href":"https:\/\/eldiariodesanpedro.com.ar\/sitio\/wp-json\/wp\/v2\/posts\/39287\/revisions"}],"predecessor-version":[{"id":39288,"href":"https:\/\/eldiariodesanpedro.com.ar\/sitio\/wp-json\/wp\/v2\/posts\/39287\/revisions\/39288"}],"wp:featuredmedia":[{"embeddable":true,"href":"https:\/\/eldiariodesanpedro.com.ar\/sitio\/wp-json\/wp\/v2\/media\/39230"}],"wp:attachment":[{"href":"https:\/\/eldiariodesanpedro.com.ar\/sitio\/wp-json\/wp\/v2\/media?parent=39287"}],"wp:term":[{"taxonomy":"category","embeddable":true,"href":"https:\/\/eldiariodesanpedro.com.ar\/sitio\/wp-json\/wp\/v2\/categories?post=39287"},{"taxonomy":"post_tag","embeddable":true,"href":"https:\/\/eldiariodesanpedro.com.ar\/sitio\/wp-json\/wp\/v2\/tags?post=39287"}],"curies":[{"name":"wp","href":"https:\/\/api.w.org\/{rel}","templated":true}]}}