{"id":39283,"date":"2018-08-30T08:36:45","date_gmt":"2018-08-30T11:36:45","guid":{"rendered":"https:\/\/eldiariodesanpedro.com.ar\/sitio\/?p=39283"},"modified":"2018-08-30T08:36:45","modified_gmt":"2018-08-30T11:36:45","slug":"un-menor-aprehendido-por-un-hecho-de-robo-pero-luego-fue-entregado-a-sus-progenitores","status":"publish","type":"post","link":"https:\/\/eldiariodesanpedro.com.ar\/sitio\/un-menor-aprehendido-por-un-hecho-de-robo-pero-luego-fue-entregado-a-sus-progenitores\/","title":{"rendered":"Un menor aprehendido por un hecho de robo pero luego fue entregado a sus progenitores"},"content":{"rendered":"<p><!-- VideographyWP Plugin Message: Automatic video embedding prevented by plugin options. --><br \/>\nEste mi\u00e9rcoles por la tarde, un ciudadano mayor de edad, denuncio en la Dependencia Local que hab\u00eda sido victima de un hecho delictivo por un adolescente quien le hab\u00eda sustra\u00eddo su celular.<\/p>\n<p>El hecho ocurri\u00f3 en intersecci\u00f3n de las calles Chacabuco Y 11 Septiembre, donde personal policial aprehendi\u00f3 a un joven de 17, quien metros antes hab\u00eda sustra\u00eddo mediante intimidaci\u00f3n verbal un tel\u00e9fono  celular marca Motorola, a este hombre de 31 que circulaba caminando por el lugar.<\/p>\n<p> El aprehendido fue trasladado a la dependencia donde fue notificado de la formaci\u00f3n  de la causa por el hecho de \u00abhurto-aprehensi\u00f3n\u00bb, consultado con Fiscalia de turno, posterior entrega a sus progenitores.<\/p>\n","protected":false},"excerpt":{"rendered":"<p>Este mi\u00e9rcoles por la tarde, un ciudadano mayor de edad, denuncio en la Dependencia Local que hab\u00eda sido victima de un hecho delictivo por un adolescente quien le hab\u00eda sustra\u00eddo su celular. El hecho ocurri\u00f3 en intersecci\u00f3n de las calles Chacabuco Y 11 Septiembre, donde personal policial aprehendi\u00f3 a un joven de 17, quien metros [&hellip;]<\/p>\n","protected":false},"author":4,"featured_media":30195,"comment_status":"open","ping_status":"closed","sticky":false,"template":"","format":"standard","meta":{"om_disable_all_campaigns":false,"_jetpack_memberships_contains_paid_content":false,"footnotes":""},"categories":[50,2,103],"tags":[],"class_list":["post-39283","post","type-post","status-publish","format-standard","has-post-thumbnail","hentry","category-destacadas","category-locales","category-policiales-locales"],"aioseo_notices":[],"gutentor_comment":0,"jetpack_featured_media_url":"https:\/\/eldiariodesanpedro.com.ar\/sitio\/wp-content\/uploads\/2018\/03\/Aprehendido-y-ofuscado.jpg","jetpack_shortlink":"https:\/\/wp.me\/p6RhLt-adB","jetpack_sharing_enabled":true,"_links":{"self":[{"href":"https:\/\/eldiariodesanpedro.com.ar\/sitio\/wp-json\/wp\/v2\/posts\/39283","targetHints":{"allow":["GET"]}}],"collection":[{"href":"https:\/\/eldiariodesanpedro.com.ar\/sitio\/wp-json\/wp\/v2\/posts"}],"about":[{"href":"https:\/\/eldiariodesanpedro.com.ar\/sitio\/wp-json\/wp\/v2\/types\/post"}],"author":[{"embeddable":true,"href":"https:\/\/eldiariodesanpedro.com.ar\/sitio\/wp-json\/wp\/v2\/users\/4"}],"replies":[{"embeddable":true,"href":"https:\/\/eldiariodesanpedro.com.ar\/sitio\/wp-json\/wp\/v2\/comments?post=39283"}],"version-history":[{"count":1,"href":"https:\/\/eldiariodesanpedro.com.ar\/sitio\/wp-json\/wp\/v2\/posts\/39283\/revisions"}],"predecessor-version":[{"id":39284,"href":"https:\/\/eldiariodesanpedro.com.ar\/sitio\/wp-json\/wp\/v2\/posts\/39283\/revisions\/39284"}],"wp:featuredmedia":[{"embeddable":true,"href":"https:\/\/eldiariodesanpedro.com.ar\/sitio\/wp-json\/wp\/v2\/media\/30195"}],"wp:attachment":[{"href":"https:\/\/eldiariodesanpedro.com.ar\/sitio\/wp-json\/wp\/v2\/media?parent=39283"}],"wp:term":[{"taxonomy":"category","embeddable":true,"href":"https:\/\/eldiariodesanpedro.com.ar\/sitio\/wp-json\/wp\/v2\/categories?post=39283"},{"taxonomy":"post_tag","embeddable":true,"href":"https:\/\/eldiariodesanpedro.com.ar\/sitio\/wp-json\/wp\/v2\/tags?post=39283"}],"curies":[{"name":"wp","href":"https:\/\/api.w.org\/{rel}","templated":true}]}}