{"id":39280,"date":"2018-08-29T20:50:52","date_gmt":"2018-08-29T23:50:52","guid":{"rendered":"https:\/\/eldiariodesanpedro.com.ar\/sitio\/?p=39280"},"modified":"2026-01-24T00:11:08","modified_gmt":"2026-01-24T03:11:08","slug":"mundial-de-canotaje-brenda-rojas-fue-novena-y-gonzalo-carreras-septimo-en-el-mundial-de-portugal","status":"publish","type":"post","link":"https:\/\/eldiariodesanpedro.com.ar\/sitio\/mundial-de-canotaje-brenda-rojas-fue-novena-y-gonzalo-carreras-septimo-en-el-mundial-de-portugal\/","title":{"rendered":"MUNDIAL DE CANOTAJE: Brenda Rojas fue novena y Gonzalo carreras s\u00e9ptimo en el Mundial de Portugal"},"content":{"rendered":"<p><!-- VideographyWP Plugin Message: Automatic video embedding prevented by plugin options. --><br \/>\nEn el Campeonato Mundial de canotaje que se disput\u00f3 en Portugal, Sabrina Ameghino y la sampedrina Brenda Rojas se ubicaron novena posici\u00f3n en K2 200 mts. Gonzalo Carreras en el Bote k4, culmin\u00f3 s\u00e9ptimo en Final B (numero 16 del mundo), lo que signific\u00f3 una muy buena performance entre los mejores atletas campeones ol\u00edmpicos y mundiales de Canotaje en pista de velocidad.<\/p>\n","protected":false},"excerpt":{"rendered":"<p>En el Campeonato Mundial de canotaje que se disput\u00f3 en Portugal, Sabrina Ameghino y la sampedrina Brenda Rojas se ubicaron novena posici\u00f3n en K2 200 mts. Gonzalo Carreras en el Bote k4, culmin\u00f3 s\u00e9ptimo en Final B (numero 16 del mundo), lo que signific\u00f3 una muy buena performance entre los mejores atletas campeones ol\u00edmpicos y [&hellip;]<\/p>\n","protected":false},"author":4,"featured_media":39281,"comment_status":"open","ping_status":"closed","sticky":false,"template":"","format":"standard","meta":{"om_disable_all_campaigns":false,"_jetpack_memberships_contains_paid_content":false,"footnotes":""},"categories":[5],"tags":[],"class_list":["post-39280","post","type-post","status-publish","format-standard","has-post-thumbnail","hentry","category-deportes"],"aioseo_notices":[],"gutentor_comment":0,"jetpack_featured_media_url":"https:\/\/eldiariodesanpedro.com.ar\/sitio\/wp-content\/uploads\/2018\/08\/canotaje-Brenda-y-Sabrina.jpg","jetpack_shortlink":"https:\/\/wp.me\/p6RhLt-ady","jetpack_sharing_enabled":true,"_links":{"self":[{"href":"https:\/\/eldiariodesanpedro.com.ar\/sitio\/wp-json\/wp\/v2\/posts\/39280","targetHints":{"allow":["GET"]}}],"collection":[{"href":"https:\/\/eldiariodesanpedro.com.ar\/sitio\/wp-json\/wp\/v2\/posts"}],"about":[{"href":"https:\/\/eldiariodesanpedro.com.ar\/sitio\/wp-json\/wp\/v2\/types\/post"}],"author":[{"embeddable":true,"href":"https:\/\/eldiariodesanpedro.com.ar\/sitio\/wp-json\/wp\/v2\/users\/4"}],"replies":[{"embeddable":true,"href":"https:\/\/eldiariodesanpedro.com.ar\/sitio\/wp-json\/wp\/v2\/comments?post=39280"}],"version-history":[{"count":1,"href":"https:\/\/eldiariodesanpedro.com.ar\/sitio\/wp-json\/wp\/v2\/posts\/39280\/revisions"}],"predecessor-version":[{"id":39282,"href":"https:\/\/eldiariodesanpedro.com.ar\/sitio\/wp-json\/wp\/v2\/posts\/39280\/revisions\/39282"}],"wp:featuredmedia":[{"embeddable":true,"href":"https:\/\/eldiariodesanpedro.com.ar\/sitio\/wp-json\/wp\/v2\/media\/39281"}],"wp:attachment":[{"href":"https:\/\/eldiariodesanpedro.com.ar\/sitio\/wp-json\/wp\/v2\/media?parent=39280"}],"wp:term":[{"taxonomy":"category","embeddable":true,"href":"https:\/\/eldiariodesanpedro.com.ar\/sitio\/wp-json\/wp\/v2\/categories?post=39280"},{"taxonomy":"post_tag","embeddable":true,"href":"https:\/\/eldiariodesanpedro.com.ar\/sitio\/wp-json\/wp\/v2\/tags?post=39280"}],"curies":[{"name":"wp","href":"https:\/\/api.w.org\/{rel}","templated":true}]}}