{"id":39273,"date":"2018-08-29T20:48:34","date_gmt":"2018-08-29T23:48:34","guid":{"rendered":"https:\/\/eldiariodesanpedro.com.ar\/sitio\/?p=39273"},"modified":"2026-01-24T00:11:08","modified_gmt":"2026-01-24T03:11:08","slug":"tenis-de-mesa-se-puso-en-juego-la-copa-abel-pascual","status":"publish","type":"post","link":"https:\/\/eldiariodesanpedro.com.ar\/sitio\/tenis-de-mesa-se-puso-en-juego-la-copa-abel-pascual\/","title":{"rendered":"TENIS DE MESA: Se puso en juego la Copa \u201cAbel Pascual\u201d"},"content":{"rendered":"<p><!-- VideographyWP Plugin Message: Automatic video embedding prevented by plugin options. --><br \/>\nEl Torneo Aniversario convoc\u00f3 a un nutrido grupo de jugadores que durante toda la tarde del domingo disputaron el certamen en el gimnasio principal del club Atl\u00e9tico Los Andes. El mismo llev\u00f3 el nombre de uno de los impulsores de la actividad en esa instituci\u00f3n.<\/p>\n<p>  Abel Pascual fue homenajeado y por eso sus compa\u00f1eros de Tenis de Mesa quisieron recordarlo junto a socios y miembros de la Comisi\u00f3n Directiva. La familia Pascual recibi\u00f3 una plaqueta que conmemora a una persona honorable y respetada.<\/p>\n<p>  En lo estrictamente deportivo el ganador del Torneo fue Agust\u00edn Monsalvo que en la final derrot\u00f3 por 2 a 1 a Dami\u00e1n Bimboni.<\/p>\n","protected":false},"excerpt":{"rendered":"<p>El Torneo Aniversario convoc\u00f3 a un nutrido grupo de jugadores que durante toda la tarde del domingo disputaron el certamen en el gimnasio principal del club Atl\u00e9tico Los Andes. El mismo llev\u00f3 el nombre de uno de los impulsores de la actividad en esa instituci\u00f3n. Abel Pascual fue homenajeado y por eso sus compa\u00f1eros de [&hellip;]<\/p>\n","protected":false},"author":4,"featured_media":39278,"comment_status":"open","ping_status":"closed","sticky":false,"template":"","format":"standard","meta":{"om_disable_all_campaigns":false,"_jetpack_memberships_contains_paid_content":false,"footnotes":""},"categories":[5],"tags":[],"class_list":["post-39273","post","type-post","status-publish","format-standard","has-post-thumbnail","hentry","category-deportes"],"aioseo_notices":[],"gutentor_comment":0,"jetpack_featured_media_url":"https:\/\/eldiariodesanpedro.com.ar\/sitio\/wp-content\/uploads\/2018\/08\/copa-abel-pascual-tenis-de-mesa-Los-participantes-al-certamen.jpg","jetpack_shortlink":"https:\/\/wp.me\/p6RhLt-adr","jetpack_sharing_enabled":true,"_links":{"self":[{"href":"https:\/\/eldiariodesanpedro.com.ar\/sitio\/wp-json\/wp\/v2\/posts\/39273","targetHints":{"allow":["GET"]}}],"collection":[{"href":"https:\/\/eldiariodesanpedro.com.ar\/sitio\/wp-json\/wp\/v2\/posts"}],"about":[{"href":"https:\/\/eldiariodesanpedro.com.ar\/sitio\/wp-json\/wp\/v2\/types\/post"}],"author":[{"embeddable":true,"href":"https:\/\/eldiariodesanpedro.com.ar\/sitio\/wp-json\/wp\/v2\/users\/4"}],"replies":[{"embeddable":true,"href":"https:\/\/eldiariodesanpedro.com.ar\/sitio\/wp-json\/wp\/v2\/comments?post=39273"}],"version-history":[{"count":1,"href":"https:\/\/eldiariodesanpedro.com.ar\/sitio\/wp-json\/wp\/v2\/posts\/39273\/revisions"}],"predecessor-version":[{"id":39279,"href":"https:\/\/eldiariodesanpedro.com.ar\/sitio\/wp-json\/wp\/v2\/posts\/39273\/revisions\/39279"}],"wp:featuredmedia":[{"embeddable":true,"href":"https:\/\/eldiariodesanpedro.com.ar\/sitio\/wp-json\/wp\/v2\/media\/39278"}],"wp:attachment":[{"href":"https:\/\/eldiariodesanpedro.com.ar\/sitio\/wp-json\/wp\/v2\/media?parent=39273"}],"wp:term":[{"taxonomy":"category","embeddable":true,"href":"https:\/\/eldiariodesanpedro.com.ar\/sitio\/wp-json\/wp\/v2\/categories?post=39273"},{"taxonomy":"post_tag","embeddable":true,"href":"https:\/\/eldiariodesanpedro.com.ar\/sitio\/wp-json\/wp\/v2\/tags?post=39273"}],"curies":[{"name":"wp","href":"https:\/\/api.w.org\/{rel}","templated":true}]}}