{"id":39271,"date":"2018-08-29T20:47:52","date_gmt":"2018-08-29T23:47:52","guid":{"rendered":"https:\/\/eldiariodesanpedro.com.ar\/sitio\/?p=39271"},"modified":"2026-01-24T00:11:08","modified_gmt":"2026-01-24T03:11:08","slug":"pesca-deportiva-en-el-riacho-el-16","status":"publish","type":"post","link":"https:\/\/eldiariodesanpedro.com.ar\/sitio\/pesca-deportiva-en-el-riacho-el-16\/","title":{"rendered":"PESCA DEPORTIVA: En el riacho el 16"},"content":{"rendered":"<p><!-- VideographyWP Plugin Message: Automatic video embedding prevented by plugin options. --><br \/>\n  El 16 de septiembre un nuevo concurso a llevarse a cabo en espacio p\u00fablico.<\/p>\n<p>  Un gran concurso de pesca variada por el ranking de San Pedro se llevar\u00e1 a cabo el domingo 16 de septiembre a partir de las 14:00 horas en la ribera del riacho en el sector Paseo P\u00fablico (detr\u00e1s del pilet\u00f3n ex balneario).<\/p>\n<p>  Organiza la subcomisi\u00f3n de Pesca del Club. Los esperamos para pasar un domingo diferente en familia. Inscripci\u00f3n: Menores $50 \u2013 Mayores Socios $80 \u2013 Mayores no socio $100. <\/p>\n<p>  La subcomisi\u00f3n del club Pescadores ya organiz\u00f3 un concurso en el Riacho Baradero.<\/p>\n","protected":false},"excerpt":{"rendered":"<p>El 16 de septiembre un nuevo concurso a llevarse a cabo en espacio p\u00fablico. Un gran concurso de pesca variada por el ranking de San Pedro se llevar\u00e1 a cabo el domingo 16 de septiembre a partir de las 14:00 horas en la ribera del riacho en el sector Paseo P\u00fablico (detr\u00e1s del pilet\u00f3n ex [&hellip;]<\/p>\n","protected":false},"author":4,"featured_media":39275,"comment_status":"open","ping_status":"closed","sticky":false,"template":"","format":"standard","meta":{"om_disable_all_campaigns":false,"_jetpack_memberships_contains_paid_content":false,"footnotes":""},"categories":[5],"tags":[],"class_list":["post-39271","post","type-post","status-publish","format-standard","has-post-thumbnail","hentry","category-deportes"],"aioseo_notices":[],"gutentor_comment":0,"jetpack_featured_media_url":"https:\/\/eldiariodesanpedro.com.ar\/sitio\/wp-content\/uploads\/2018\/08\/pesca.jpg","jetpack_shortlink":"https:\/\/wp.me\/p6RhLt-adp","jetpack_sharing_enabled":true,"_links":{"self":[{"href":"https:\/\/eldiariodesanpedro.com.ar\/sitio\/wp-json\/wp\/v2\/posts\/39271","targetHints":{"allow":["GET"]}}],"collection":[{"href":"https:\/\/eldiariodesanpedro.com.ar\/sitio\/wp-json\/wp\/v2\/posts"}],"about":[{"href":"https:\/\/eldiariodesanpedro.com.ar\/sitio\/wp-json\/wp\/v2\/types\/post"}],"author":[{"embeddable":true,"href":"https:\/\/eldiariodesanpedro.com.ar\/sitio\/wp-json\/wp\/v2\/users\/4"}],"replies":[{"embeddable":true,"href":"https:\/\/eldiariodesanpedro.com.ar\/sitio\/wp-json\/wp\/v2\/comments?post=39271"}],"version-history":[{"count":1,"href":"https:\/\/eldiariodesanpedro.com.ar\/sitio\/wp-json\/wp\/v2\/posts\/39271\/revisions"}],"predecessor-version":[{"id":39277,"href":"https:\/\/eldiariodesanpedro.com.ar\/sitio\/wp-json\/wp\/v2\/posts\/39271\/revisions\/39277"}],"wp:featuredmedia":[{"embeddable":true,"href":"https:\/\/eldiariodesanpedro.com.ar\/sitio\/wp-json\/wp\/v2\/media\/39275"}],"wp:attachment":[{"href":"https:\/\/eldiariodesanpedro.com.ar\/sitio\/wp-json\/wp\/v2\/media?parent=39271"}],"wp:term":[{"taxonomy":"category","embeddable":true,"href":"https:\/\/eldiariodesanpedro.com.ar\/sitio\/wp-json\/wp\/v2\/categories?post=39271"},{"taxonomy":"post_tag","embeddable":true,"href":"https:\/\/eldiariodesanpedro.com.ar\/sitio\/wp-json\/wp\/v2\/tags?post=39271"}],"curies":[{"name":"wp","href":"https:\/\/api.w.org\/{rel}","templated":true}]}}