{"id":39260,"date":"2018-08-29T20:32:58","date_gmt":"2018-08-29T23:32:58","guid":{"rendered":"https:\/\/eldiariodesanpedro.com.ar\/sitio\/?p=39260"},"modified":"2018-08-29T20:32:58","modified_gmt":"2018-08-29T23:32:58","slug":"puerto-san-pedro-un-trabajador-resulto-herido-al-caerle-encima-una-carga","status":"publish","type":"post","link":"https:\/\/eldiariodesanpedro.com.ar\/sitio\/puerto-san-pedro-un-trabajador-resulto-herido-al-caerle-encima-una-carga\/","title":{"rendered":"Puerto San Pedro: Un trabajador result\u00f3 herido al caerle encima una carga"},"content":{"rendered":"<p><!-- VideographyWP Plugin Message: Automatic video embedding prevented by plugin options. --><br \/>\nSucedi\u00f3 en la tarde del martes en un barco que cargaba frutas en el muelle principal.<\/p>\n<p>  Un operario de 39 a\u00f1os identificado como Pablo Pan, sufri\u00f3 heridas de consideraci\u00f3n al ser pr\u00e1cticamente aplastado por un bin cargado con naranjas.<\/p>\n<p>  Aconteci\u00f3 a las 5 de la tarde cuando el trabajador se hallaba en el interior de la bodega y, repentinamente, se descolg\u00f3 la carga de la gr\u00faa y cay\u00f3 sobre \u00e9l.<\/p>\n<p>  El herido fue llevado de urgencia a la Cl\u00ednica San Pedro donde fue asistido por las lesiones sufridas en costillas y cabeza. El mi\u00e9rcoles por la ma\u00f1ana fue dado de alta.<\/p>\n<p>Fuente: San Pedro Informa<\/p>\n","protected":false},"excerpt":{"rendered":"<p>Sucedi\u00f3 en la tarde del martes en un barco que cargaba frutas en el muelle principal. Un operario de 39 a\u00f1os identificado como Pablo Pan, sufri\u00f3 heridas de consideraci\u00f3n al ser pr\u00e1cticamente aplastado por un bin cargado con naranjas. Aconteci\u00f3 a las 5 de la tarde cuando el trabajador se hallaba en el interior de [&hellip;]<\/p>\n","protected":false},"author":4,"featured_media":39262,"comment_status":"open","ping_status":"closed","sticky":false,"template":"","format":"standard","meta":{"om_disable_all_campaigns":false,"_jetpack_memberships_contains_paid_content":false,"footnotes":""},"categories":[2,103],"tags":[],"class_list":["post-39260","post","type-post","status-publish","format-standard","has-post-thumbnail","hentry","category-locales","category-policiales-locales"],"aioseo_notices":[],"gutentor_comment":0,"jetpack_featured_media_url":"https:\/\/eldiariodesanpedro.com.ar\/sitio\/wp-content\/uploads\/2018\/08\/puerto-san-pedro.jpg","jetpack_shortlink":"https:\/\/wp.me\/p6RhLt-ade","jetpack_sharing_enabled":true,"_links":{"self":[{"href":"https:\/\/eldiariodesanpedro.com.ar\/sitio\/wp-json\/wp\/v2\/posts\/39260","targetHints":{"allow":["GET"]}}],"collection":[{"href":"https:\/\/eldiariodesanpedro.com.ar\/sitio\/wp-json\/wp\/v2\/posts"}],"about":[{"href":"https:\/\/eldiariodesanpedro.com.ar\/sitio\/wp-json\/wp\/v2\/types\/post"}],"author":[{"embeddable":true,"href":"https:\/\/eldiariodesanpedro.com.ar\/sitio\/wp-json\/wp\/v2\/users\/4"}],"replies":[{"embeddable":true,"href":"https:\/\/eldiariodesanpedro.com.ar\/sitio\/wp-json\/wp\/v2\/comments?post=39260"}],"version-history":[{"count":1,"href":"https:\/\/eldiariodesanpedro.com.ar\/sitio\/wp-json\/wp\/v2\/posts\/39260\/revisions"}],"predecessor-version":[{"id":39263,"href":"https:\/\/eldiariodesanpedro.com.ar\/sitio\/wp-json\/wp\/v2\/posts\/39260\/revisions\/39263"}],"wp:featuredmedia":[{"embeddable":true,"href":"https:\/\/eldiariodesanpedro.com.ar\/sitio\/wp-json\/wp\/v2\/media\/39262"}],"wp:attachment":[{"href":"https:\/\/eldiariodesanpedro.com.ar\/sitio\/wp-json\/wp\/v2\/media?parent=39260"}],"wp:term":[{"taxonomy":"category","embeddable":true,"href":"https:\/\/eldiariodesanpedro.com.ar\/sitio\/wp-json\/wp\/v2\/categories?post=39260"},{"taxonomy":"post_tag","embeddable":true,"href":"https:\/\/eldiariodesanpedro.com.ar\/sitio\/wp-json\/wp\/v2\/tags?post=39260"}],"curies":[{"name":"wp","href":"https:\/\/api.w.org\/{rel}","templated":true}]}}