{"id":39256,"date":"2018-08-29T19:08:06","date_gmt":"2018-08-29T22:08:06","guid":{"rendered":"https:\/\/eldiariodesanpedro.com.ar\/sitio\/?p=39256"},"modified":"2018-08-29T19:08:06","modified_gmt":"2018-08-29T22:08:06","slug":"comerciantes-y-mensajeros-marcharon-contra-la-ola-de-robos","status":"publish","type":"post","link":"https:\/\/eldiariodesanpedro.com.ar\/sitio\/comerciantes-y-mensajeros-marcharon-contra-la-ola-de-robos\/","title":{"rendered":"Comerciantes y Mensajeros marcharon contra la ola de robos"},"content":{"rendered":"<p><!-- VideographyWP Plugin Message: Automatic video embedding prevented by plugin options. --><br \/>\nEste mi\u00e9rcoles por la ma\u00f1ana, un grupo de comerciantes y mensajeros, que en las ultimas semana fueron victimas de una ola delictiva en nuestra ciudad, que por cierto, no se han resuelto los casos ni con detenidos, ni recuperando sus cosas; mas precisamente a las 11hs, estaban llegando a las puertas de la Fiscalia para marchar luego hacia el Municipio para poder ser atendidos por el Jefe Comunal.<\/p>\n<p>Este medio, mientras iba llegando la gente a la convocatoria, dialogaba con los que estaban presentes y suss testimonios fueron de mucha angustia y preocupacion, la mayoria eran trabbajadores en las mensajerias donde su mayor problema es las llamadas falsas \u00abnos llaman para que vayamos a llevar una pizza a un barrio lejano, y no podemos decir que no, llegamos y nos pegan, nos sacan la comida y el dinero que tenemos encima, a algunos compa\u00f1eros les han robado la moto, ahora algunos no van o trabajamos de a dos\u00bb, nos contaba uno de ellos y con respecto a los comerciantes son los asaltos a mano armada que vienen sufriendo reiteradas veces, \u00abpedimos policias en los barrios, necesitamos mas seguridad, no podemos trabajar tranquilos, tenemos miedo y son siempre los mismos que entran y salen\u00bb.<\/p>\n<p>El Presidente del Foro de Seguridad, Roberto Gomez junto con cuatro personas mas, fueron llamados por el Fiscal Marcelo Manso de la Fiscalia N\u00ba5, para dialogar del tema y poder obtener respuestas concretas; el presidente entrego un petitorio y ademas nos dec\u00eda \u00abqueremos que el Fiscal le comunique al Juez de Garant\u00edas nuestra preocupaci\u00f3n y que en el momento de detener a los delincuentes tengan en cuenta sus antecedentes aunque sean menores\u00bb.<\/p>\n<p><iframe style=\"border: none; overflow: hidden;\" data-src=\"https:\/\/www.facebook.com\/plugins\/post.php?href=https%3A%2F%2Fwww.facebook.com%2Feldiario.desanpedro%2Fposts%2F854774141398393&amp;width=500\" width=\"500\" height=\"726\" frameborder=\"0\" scrolling=\"no\" src=\"data:image\/svg+xml;base64,PHN2ZyB3aWR0aD0iMSIgaGVpZ2h0PSIxIiB4bWxucz0iaHR0cDovL3d3dy53My5vcmcvMjAwMC9zdmciPjwvc3ZnPg==\" class=\"lazyload\" data-load-mode=\"1\"><\/iframe><\/p>\n<p>La respuesta del Fiscal no fue la esperada, no les dio la seguridad que necesitaban para estar tranquilos entonces se dirigieron hacia la Municipalidad a dialogar con el Intendente Cecilio Salazar.<\/p>\n<p><iframe data-src=\"https:\/\/www.facebook.com\/plugins\/video.php?href=https%3A%2F%2Fwww.facebook.com%2Feldiario.desanpedro%2Fvideos%2F530703467377638%2F&#038;show_text=0&#038;width=560\" width=\"560\" height=\"315\" style=\"border:none;overflow:hidden\" scrolling=\"no\" frameborder=\"0\" allowTransparency=\"true\" allowFullScreen=\"true\" src=\"data:image\/svg+xml;base64,PHN2ZyB3aWR0aD0iMSIgaGVpZ2h0PSIxIiB4bWxucz0iaHR0cDovL3d3dy53My5vcmcvMjAwMC9zdmciPjwvc3ZnPg==\" class=\"lazyload\" data-load-mode=\"1\"><\/iframe><\/p>\n<p>Al egresar del Municipio, Juan Manuel Bertone, uno de los comerciantes que hace d\u00edas fue victima de un asalto, propietario del Autoservicio Santino, contaba a los medios presentes que \u00abNos dijeron que nos quedemos tranquilos, que ellos apoyan esta marcha, que si hay que hacerlas todos los d\u00edas que las hagamos porque a ellos les sirven para hablar con los Jueces de Garant\u00edas, para que los chorros queden adentro\u201d y agrego \u201cSon 85 los efectivos de la local y de los otros nos sabemos cu\u00e1ntos son, en teor\u00eda dicen que tenemos 20 patrulleros y los m\u00f3viles que est\u00e1n anclados son los que no se pueden mover porque no est\u00e1n con los vidrios blindados\u201d.<\/p>\n<p>El pr\u00f3ximo mi\u00e9rcoles, seg\u00fan las personas presentes a la convocatoria, realizaran otra marcha por la inseguridad en nuestra ciudad.<\/p>\n","protected":false},"excerpt":{"rendered":"<p>Este mi\u00e9rcoles por la ma\u00f1ana, un grupo de comerciantes y mensajeros, que en las ultimas semana fueron victimas de una ola delictiva en nuestra ciudad, que por cierto, no se han resuelto los casos ni con detenidos, ni recuperando sus cosas; mas precisamente a las 11hs, estaban llegando a las puertas de la Fiscalia para [&hellip;]<\/p>\n","protected":false},"author":4,"featured_media":39257,"comment_status":"open","ping_status":"closed","sticky":false,"template":"","format":"standard","meta":{"om_disable_all_campaigns":false,"_jetpack_memberships_contains_paid_content":false,"footnotes":""},"categories":[50,2,103],"tags":[],"class_list":["post-39256","post","type-post","status-publish","format-standard","has-post-thumbnail","hentry","category-destacadas","category-locales","category-policiales-locales"],"aioseo_notices":[],"gutentor_comment":0,"jetpack_featured_media_url":"https:\/\/eldiariodesanpedro.com.ar\/sitio\/wp-content\/uploads\/2018\/08\/40479975_481517778982142_8590038903870717952_n.jpg","jetpack_shortlink":"https:\/\/wp.me\/p6RhLt-ada","jetpack_sharing_enabled":true,"_links":{"self":[{"href":"https:\/\/eldiariodesanpedro.com.ar\/sitio\/wp-json\/wp\/v2\/posts\/39256","targetHints":{"allow":["GET"]}}],"collection":[{"href":"https:\/\/eldiariodesanpedro.com.ar\/sitio\/wp-json\/wp\/v2\/posts"}],"about":[{"href":"https:\/\/eldiariodesanpedro.com.ar\/sitio\/wp-json\/wp\/v2\/types\/post"}],"author":[{"embeddable":true,"href":"https:\/\/eldiariodesanpedro.com.ar\/sitio\/wp-json\/wp\/v2\/users\/4"}],"replies":[{"embeddable":true,"href":"https:\/\/eldiariodesanpedro.com.ar\/sitio\/wp-json\/wp\/v2\/comments?post=39256"}],"version-history":[{"count":1,"href":"https:\/\/eldiariodesanpedro.com.ar\/sitio\/wp-json\/wp\/v2\/posts\/39256\/revisions"}],"predecessor-version":[{"id":39258,"href":"https:\/\/eldiariodesanpedro.com.ar\/sitio\/wp-json\/wp\/v2\/posts\/39256\/revisions\/39258"}],"wp:featuredmedia":[{"embeddable":true,"href":"https:\/\/eldiariodesanpedro.com.ar\/sitio\/wp-json\/wp\/v2\/media\/39257"}],"wp:attachment":[{"href":"https:\/\/eldiariodesanpedro.com.ar\/sitio\/wp-json\/wp\/v2\/media?parent=39256"}],"wp:term":[{"taxonomy":"category","embeddable":true,"href":"https:\/\/eldiariodesanpedro.com.ar\/sitio\/wp-json\/wp\/v2\/categories?post=39256"},{"taxonomy":"post_tag","embeddable":true,"href":"https:\/\/eldiariodesanpedro.com.ar\/sitio\/wp-json\/wp\/v2\/tags?post=39256"}],"curies":[{"name":"wp","href":"https:\/\/api.w.org\/{rel}","templated":true}]}}