{"id":39248,"date":"2018-08-29T18:14:55","date_gmt":"2018-08-29T21:14:55","guid":{"rendered":"https:\/\/eldiariodesanpedro.com.ar\/sitio\/?p=39248"},"modified":"2018-08-29T18:14:55","modified_gmt":"2018-08-29T21:14:55","slug":"recorrida-del-ministro-de-salud-de-la-provincia-por-el-nosocomio-local","status":"publish","type":"post","link":"https:\/\/eldiariodesanpedro.com.ar\/sitio\/recorrida-del-ministro-de-salud-de-la-provincia-por-el-nosocomio-local\/","title":{"rendered":"Recorrida del Ministro de Salud de la Provincia por el nosocomio local"},"content":{"rendered":"<p><!-- VideographyWP Plugin Message: Automatic video embedding prevented by plugin options. --><br \/>\nEl Intendente Cecilio Salazar junto a las autoridades de Salud, miembros del gabinete y concejales recibieron este mediod\u00eda al Ministro de Salud de la Provincia de Buenos Aires Ariel Scarci quien lleg\u00f3 acompa\u00f1ado de colaboradores de su cartera y de la Regi\u00f3n Sanitaria IV. Tras una recepci\u00f3n en el Palacio Municipal se trasladaron al Hospital Emilio Ruffa en donde realizaron una recorrida que finaliz\u00f3 con una conferencia de prensa. El Intendente le di\u00f3 la bienvenida y agradeci\u00f3 el respaldo que desde el gobierno provincial recibe nuestra ciudad. Adem\u00e1s junto al Secretario de Salud Guillermo Sancho y al Director del Hospital Javier Sualdea entegraron carpetas relacionadas con algunos de los diversos proyectos en los que siempre se trabaja para ampliar la infraestructura y la capacidad de atenci\u00f3n del nosocomio que hoy recibe junto a los Centros de Salud a un porcentaje mayoritario de los vecinos de San Pedro.<\/p>\n<p>El Ministro habl\u00f3 sobre la pol\u00edtica de cercan\u00eda con los vecinos que constantemente destaca la Gobernadora y que en ese marco, llegar a San Pedro result\u00f3 sumamente reconfortante. Scarci, destac\u00f3 la movilidad de inversi\u00f3n publica que se evidencia en San Pedro con obras en diferentes zonas de la ciudad y del Partido y en cuanto a la salud destac\u00f3 la importancia de un Hospital Municipal como el Emilio Ruffa que funciona, brinda servicios a miles de personas y responde a la pol\u00edtica de salud de la Provincia de Buenos Aires y de la Gobernadora Mar\u00eda Eugenia Vidal.<\/p>\n<p>Consultado sobre las modificaciones del esquema de vacunaci\u00f3n llev\u00f3 tranquilidad a todos los vecinos confirmando que las decisiones que se est\u00e1n tomando est\u00e1n siendo analizadas por especialistas y reiterando como es p\u00fablico que el calendario argentino es uno de los m\u00e1s completos del mundo. Adem\u00e1s en presencia de la Directora de la Regi\u00f3n Sanitaria se\u00f1al\u00f3 que la provisi\u00f3n de dosis es la adecuada y que no existen motivos para preocuparse por este tema.<\/p>\n<p>Como resultado de algunas acciones realizadas por el equipo de salud para mejorar diferentes \u00edndices de funcionamiento se generar\u00e1n mejoras en los \u00edndices de coparticipaci\u00f3n destinados a a este tema que se reciben mensualmente y se mantienen gestiones para seguir fortaleciendo el sistema que nuclea a los Centros de Salud y el Hospital.<\/p>\n<p><img decoding=\"async\" data-attachment-id=\"39250\" data-permalink=\"https:\/\/eldiariodesanpedro.com.ar\/sitio\/recorrida-del-ministro-de-salud-de-la-provincia-por-el-nosocomio-local\/pastedimage-1-21\/\" data-orig-file=\"https:\/\/eldiariodesanpedro.com.ar\/sitio\/wp-content\/uploads\/2018\/08\/pastedImage-1-3.png\" data-orig-size=\"3593,2361\" data-comments-opened=\"1\" data-image-meta=\"{&quot;aperture&quot;:&quot;0&quot;,&quot;credit&quot;:&quot;&quot;,&quot;camera&quot;:&quot;&quot;,&quot;caption&quot;:&quot;&quot;,&quot;created_timestamp&quot;:&quot;0&quot;,&quot;copyright&quot;:&quot;&quot;,&quot;focal_length&quot;:&quot;0&quot;,&quot;iso&quot;:&quot;0&quot;,&quot;shutter_speed&quot;:&quot;0&quot;,&quot;title&quot;:&quot;&quot;,&quot;orientation&quot;:&quot;0&quot;}\" data-image-title=\"pastedImage (1)\" data-image-description=\"\" data-image-caption=\"\" data-large-file=\"https:\/\/eldiariodesanpedro.com.ar\/sitio\/wp-content\/uploads\/2018\/08\/pastedImage-1-3-1024x673.png\" data-src=\"https:\/\/eldiariodesanpedro.com.ar\/sitio\/wp-content\/uploads\/2018\/08\/pastedImage-1-3-1024x673.png\" alt=\"\" width=\"660\" height=\"434\" class=\"alignnone size-large wp-image-39250 lazyload\" data-srcset=\"https:\/\/eldiariodesanpedro.com.ar\/sitio\/wp-content\/uploads\/2018\/08\/pastedImage-1-3-1024x673.png 1024w, https:\/\/eldiariodesanpedro.com.ar\/sitio\/wp-content\/uploads\/2018\/08\/pastedImage-1-3-300x197.png 300w, https:\/\/eldiariodesanpedro.com.ar\/sitio\/wp-content\/uploads\/2018\/08\/pastedImage-1-3-768x505.png 768w\" data-sizes=\"(max-width: 660px) 100vw, 660px\" src=\"data:image\/svg+xml;base64,PHN2ZyB3aWR0aD0iMSIgaGVpZ2h0PSIxIiB4bWxucz0iaHR0cDovL3d3dy53My5vcmcvMjAwMC9zdmciPjwvc3ZnPg==\" style=\"--smush-placeholder-width: 660px; --smush-placeholder-aspect-ratio: 660\/434;\" \/><\/p>\n<p><img decoding=\"async\" data-attachment-id=\"39251\" data-permalink=\"https:\/\/eldiariodesanpedro.com.ar\/sitio\/recorrida-del-ministro-de-salud-de-la-provincia-por-el-nosocomio-local\/pastedimage-2-7\/\" data-orig-file=\"https:\/\/eldiariodesanpedro.com.ar\/sitio\/wp-content\/uploads\/2018\/08\/pastedImage-2-2.png\" data-orig-size=\"3840,2560\" data-comments-opened=\"1\" data-image-meta=\"{&quot;aperture&quot;:&quot;0&quot;,&quot;credit&quot;:&quot;&quot;,&quot;camera&quot;:&quot;&quot;,&quot;caption&quot;:&quot;&quot;,&quot;created_timestamp&quot;:&quot;0&quot;,&quot;copyright&quot;:&quot;&quot;,&quot;focal_length&quot;:&quot;0&quot;,&quot;iso&quot;:&quot;0&quot;,&quot;shutter_speed&quot;:&quot;0&quot;,&quot;title&quot;:&quot;&quot;,&quot;orientation&quot;:&quot;0&quot;}\" data-image-title=\"pastedImage (2)\" data-image-description=\"\" data-image-caption=\"\" data-large-file=\"https:\/\/eldiariodesanpedro.com.ar\/sitio\/wp-content\/uploads\/2018\/08\/pastedImage-2-2-1024x683.png\" data-src=\"https:\/\/eldiariodesanpedro.com.ar\/sitio\/wp-content\/uploads\/2018\/08\/pastedImage-2-2-1024x683.png\" alt=\"\" width=\"660\" height=\"440\" class=\"alignnone size-large wp-image-39251 lazyload\" data-srcset=\"https:\/\/eldiariodesanpedro.com.ar\/sitio\/wp-content\/uploads\/2018\/08\/pastedImage-2-2-1024x683.png 1024w, https:\/\/eldiariodesanpedro.com.ar\/sitio\/wp-content\/uploads\/2018\/08\/pastedImage-2-2-300x200.png 300w, https:\/\/eldiariodesanpedro.com.ar\/sitio\/wp-content\/uploads\/2018\/08\/pastedImage-2-2-768x512.png 768w\" data-sizes=\"(max-width: 660px) 100vw, 660px\" src=\"data:image\/svg+xml;base64,PHN2ZyB3aWR0aD0iMSIgaGVpZ2h0PSIxIiB4bWxucz0iaHR0cDovL3d3dy53My5vcmcvMjAwMC9zdmciPjwvc3ZnPg==\" style=\"--smush-placeholder-width: 660px; --smush-placeholder-aspect-ratio: 660\/440;\" \/><\/p>\n<p><img decoding=\"async\" data-attachment-id=\"39252\" data-permalink=\"https:\/\/eldiariodesanpedro.com.ar\/sitio\/recorrida-del-ministro-de-salud-de-la-provincia-por-el-nosocomio-local\/pastedimage-3-5\/\" data-orig-file=\"https:\/\/eldiariodesanpedro.com.ar\/sitio\/wp-content\/uploads\/2018\/08\/pastedImage-3-2.png\" data-orig-size=\"3116,2299\" data-comments-opened=\"1\" data-image-meta=\"{&quot;aperture&quot;:&quot;0&quot;,&quot;credit&quot;:&quot;&quot;,&quot;camera&quot;:&quot;&quot;,&quot;caption&quot;:&quot;&quot;,&quot;created_timestamp&quot;:&quot;0&quot;,&quot;copyright&quot;:&quot;&quot;,&quot;focal_length&quot;:&quot;0&quot;,&quot;iso&quot;:&quot;0&quot;,&quot;shutter_speed&quot;:&quot;0&quot;,&quot;title&quot;:&quot;&quot;,&quot;orientation&quot;:&quot;0&quot;}\" data-image-title=\"pastedImage (3)\" data-image-description=\"\" data-image-caption=\"\" data-large-file=\"https:\/\/eldiariodesanpedro.com.ar\/sitio\/wp-content\/uploads\/2018\/08\/pastedImage-3-2-1024x756.png\" data-src=\"https:\/\/eldiariodesanpedro.com.ar\/sitio\/wp-content\/uploads\/2018\/08\/pastedImage-3-2-1024x756.png\" alt=\"\" width=\"660\" height=\"487\" class=\"alignnone size-large wp-image-39252 lazyload\" data-srcset=\"https:\/\/eldiariodesanpedro.com.ar\/sitio\/wp-content\/uploads\/2018\/08\/pastedImage-3-2-1024x756.png 1024w, https:\/\/eldiariodesanpedro.com.ar\/sitio\/wp-content\/uploads\/2018\/08\/pastedImage-3-2-300x221.png 300w, https:\/\/eldiariodesanpedro.com.ar\/sitio\/wp-content\/uploads\/2018\/08\/pastedImage-3-2-768x567.png 768w\" data-sizes=\"(max-width: 660px) 100vw, 660px\" src=\"data:image\/svg+xml;base64,PHN2ZyB3aWR0aD0iMSIgaGVpZ2h0PSIxIiB4bWxucz0iaHR0cDovL3d3dy53My5vcmcvMjAwMC9zdmciPjwvc3ZnPg==\" style=\"--smush-placeholder-width: 660px; --smush-placeholder-aspect-ratio: 660\/487;\" \/><\/p>\n<p><img decoding=\"async\" data-attachment-id=\"39253\" data-permalink=\"https:\/\/eldiariodesanpedro.com.ar\/sitio\/recorrida-del-ministro-de-salud-de-la-provincia-por-el-nosocomio-local\/pastedimage-4-3\/\" data-orig-file=\"https:\/\/eldiariodesanpedro.com.ar\/sitio\/wp-content\/uploads\/2018\/08\/pastedImage-4-2.png\" data-orig-size=\"3723,2404\" data-comments-opened=\"1\" data-image-meta=\"{&quot;aperture&quot;:&quot;0&quot;,&quot;credit&quot;:&quot;&quot;,&quot;camera&quot;:&quot;&quot;,&quot;caption&quot;:&quot;&quot;,&quot;created_timestamp&quot;:&quot;0&quot;,&quot;copyright&quot;:&quot;&quot;,&quot;focal_length&quot;:&quot;0&quot;,&quot;iso&quot;:&quot;0&quot;,&quot;shutter_speed&quot;:&quot;0&quot;,&quot;title&quot;:&quot;&quot;,&quot;orientation&quot;:&quot;0&quot;}\" data-image-title=\"pastedImage (4)\" data-image-description=\"\" data-image-caption=\"\" data-large-file=\"https:\/\/eldiariodesanpedro.com.ar\/sitio\/wp-content\/uploads\/2018\/08\/pastedImage-4-2-1024x661.png\" data-src=\"https:\/\/eldiariodesanpedro.com.ar\/sitio\/wp-content\/uploads\/2018\/08\/pastedImage-4-2-1024x661.png\" alt=\"\" width=\"660\" height=\"426\" class=\"alignnone size-large wp-image-39253 lazyload\" data-srcset=\"https:\/\/eldiariodesanpedro.com.ar\/sitio\/wp-content\/uploads\/2018\/08\/pastedImage-4-2-1024x661.png 1024w, https:\/\/eldiariodesanpedro.com.ar\/sitio\/wp-content\/uploads\/2018\/08\/pastedImage-4-2-300x194.png 300w, https:\/\/eldiariodesanpedro.com.ar\/sitio\/wp-content\/uploads\/2018\/08\/pastedImage-4-2-768x496.png 768w\" data-sizes=\"(max-width: 660px) 100vw, 660px\" src=\"data:image\/svg+xml;base64,PHN2ZyB3aWR0aD0iMSIgaGVpZ2h0PSIxIiB4bWxucz0iaHR0cDovL3d3dy53My5vcmcvMjAwMC9zdmciPjwvc3ZnPg==\" style=\"--smush-placeholder-width: 660px; --smush-placeholder-aspect-ratio: 660\/426;\" \/><\/p>\n<p><img decoding=\"async\" data-attachment-id=\"39254\" data-permalink=\"https:\/\/eldiariodesanpedro.com.ar\/sitio\/recorrida-del-ministro-de-salud-de-la-provincia-por-el-nosocomio-local\/pastedimage-44\/\" data-orig-file=\"https:\/\/eldiariodesanpedro.com.ar\/sitio\/wp-content\/uploads\/2018\/08\/pastedImage-13.png\" data-orig-size=\"2761,1641\" data-comments-opened=\"1\" data-image-meta=\"{&quot;aperture&quot;:&quot;0&quot;,&quot;credit&quot;:&quot;&quot;,&quot;camera&quot;:&quot;&quot;,&quot;caption&quot;:&quot;&quot;,&quot;created_timestamp&quot;:&quot;0&quot;,&quot;copyright&quot;:&quot;&quot;,&quot;focal_length&quot;:&quot;0&quot;,&quot;iso&quot;:&quot;0&quot;,&quot;shutter_speed&quot;:&quot;0&quot;,&quot;title&quot;:&quot;&quot;,&quot;orientation&quot;:&quot;0&quot;}\" data-image-title=\"pastedImage\" data-image-description=\"\" data-image-caption=\"\" data-large-file=\"https:\/\/eldiariodesanpedro.com.ar\/sitio\/wp-content\/uploads\/2018\/08\/pastedImage-13-1024x609.png\" data-src=\"https:\/\/eldiariodesanpedro.com.ar\/sitio\/wp-content\/uploads\/2018\/08\/pastedImage-13-1024x609.png\" alt=\"\" width=\"660\" height=\"393\" class=\"alignnone size-large wp-image-39254 lazyload\" data-srcset=\"https:\/\/eldiariodesanpedro.com.ar\/sitio\/wp-content\/uploads\/2018\/08\/pastedImage-13-1024x609.png 1024w, https:\/\/eldiariodesanpedro.com.ar\/sitio\/wp-content\/uploads\/2018\/08\/pastedImage-13-300x178.png 300w, https:\/\/eldiariodesanpedro.com.ar\/sitio\/wp-content\/uploads\/2018\/08\/pastedImage-13-768x456.png 768w\" data-sizes=\"(max-width: 660px) 100vw, 660px\" src=\"data:image\/svg+xml;base64,PHN2ZyB3aWR0aD0iMSIgaGVpZ2h0PSIxIiB4bWxucz0iaHR0cDovL3d3dy53My5vcmcvMjAwMC9zdmciPjwvc3ZnPg==\" style=\"--smush-placeholder-width: 660px; --smush-placeholder-aspect-ratio: 660\/393;\" \/><\/p>\n","protected":false},"excerpt":{"rendered":"<p>El Intendente Cecilio Salazar junto a las autoridades de Salud, miembros del gabinete y concejales recibieron este mediod\u00eda al Ministro de Salud de la Provincia de Buenos Aires Ariel Scarci quien lleg\u00f3 acompa\u00f1ado de colaboradores de su cartera y de la Regi\u00f3n Sanitaria IV. Tras una recepci\u00f3n en el Palacio Municipal se trasladaron al Hospital [&hellip;]<\/p>\n","protected":false},"author":4,"featured_media":39249,"comment_status":"open","ping_status":"closed","sticky":false,"template":"","format":"standard","meta":{"om_disable_all_campaigns":false,"_jetpack_memberships_contains_paid_content":false,"footnotes":""},"categories":[50,2,102],"tags":[],"class_list":["post-39248","post","type-post","status-publish","format-standard","has-post-thumbnail","hentry","category-destacadas","category-locales","category-politica-locales"],"aioseo_notices":[],"gutentor_comment":0,"jetpack_featured_media_url":"https:\/\/eldiariodesanpedro.com.ar\/sitio\/wp-content\/uploads\/2018\/08\/PAGINA-4-e1535577182454.png","jetpack_shortlink":"https:\/\/wp.me\/p6RhLt-ad2","jetpack_sharing_enabled":true,"_links":{"self":[{"href":"https:\/\/eldiariodesanpedro.com.ar\/sitio\/wp-json\/wp\/v2\/posts\/39248","targetHints":{"allow":["GET"]}}],"collection":[{"href":"https:\/\/eldiariodesanpedro.com.ar\/sitio\/wp-json\/wp\/v2\/posts"}],"about":[{"href":"https:\/\/eldiariodesanpedro.com.ar\/sitio\/wp-json\/wp\/v2\/types\/post"}],"author":[{"embeddable":true,"href":"https:\/\/eldiariodesanpedro.com.ar\/sitio\/wp-json\/wp\/v2\/users\/4"}],"replies":[{"embeddable":true,"href":"https:\/\/eldiariodesanpedro.com.ar\/sitio\/wp-json\/wp\/v2\/comments?post=39248"}],"version-history":[{"count":1,"href":"https:\/\/eldiariodesanpedro.com.ar\/sitio\/wp-json\/wp\/v2\/posts\/39248\/revisions"}],"predecessor-version":[{"id":39255,"href":"https:\/\/eldiariodesanpedro.com.ar\/sitio\/wp-json\/wp\/v2\/posts\/39248\/revisions\/39255"}],"wp:featuredmedia":[{"embeddable":true,"href":"https:\/\/eldiariodesanpedro.com.ar\/sitio\/wp-json\/wp\/v2\/media\/39249"}],"wp:attachment":[{"href":"https:\/\/eldiariodesanpedro.com.ar\/sitio\/wp-json\/wp\/v2\/media?parent=39248"}],"wp:term":[{"taxonomy":"category","embeddable":true,"href":"https:\/\/eldiariodesanpedro.com.ar\/sitio\/wp-json\/wp\/v2\/categories?post=39248"},{"taxonomy":"post_tag","embeddable":true,"href":"https:\/\/eldiariodesanpedro.com.ar\/sitio\/wp-json\/wp\/v2\/tags?post=39248"}],"curies":[{"name":"wp","href":"https:\/\/api.w.org\/{rel}","templated":true}]}}