{"id":39245,"date":"2018-08-29T12:36:09","date_gmt":"2018-08-29T15:36:09","guid":{"rendered":"https:\/\/eldiariodesanpedro.com.ar\/sitio\/?p=39245"},"modified":"2018-08-29T12:36:09","modified_gmt":"2018-08-29T15:36:09","slug":"san-nicolas-fue-descubierto-un-deposito-clandestino-de-gasoil","status":"publish","type":"post","link":"https:\/\/eldiariodesanpedro.com.ar\/sitio\/san-nicolas-fue-descubierto-un-deposito-clandestino-de-gasoil\/","title":{"rendered":"SAN NICOL\u00c1S: Fue descubierto un dep\u00f3sito clandestino de gasoil"},"content":{"rendered":"<p><!-- VideographyWP Plugin Message: Automatic video embedding prevented by plugin options. --><br \/>\nEfectivos de la Comisar\u00eda Segunda, en operativos de control de talleres y afines, en un local dedicado a la fabricaci\u00f3n de ca\u00f1os PVC, constataron la presencia de un dep\u00f3sito de gasoil clandestino de 25.000 litros. Asimismo el taller carec\u00eda de toda documentaci\u00f3n.<\/p>\n<p>En los operativos de control de \u201cTalleres y Afines\u201d, el Gabinete de Prevenci\u00f3n de la Comisar\u00eda Segunda, con sede policial en Barrio Somisa, inspeccion\u00f3 un taller dedicado a la fabricaci\u00f3n de ca\u00f1os de PVC, sin raz\u00f3n social, ubicado en la Ruta 188, a la altura del kil\u00f3metro 4. El mismo carec\u00eda de todo tipo de documentaci\u00f3n y habilitaci\u00f3n municipal, seg\u00fan lo exige la Ley 13.081. Constataron tambi\u00e9n en el lugar un dep\u00f3sito de gasoil clandestino, de 25 mil litros. El propietario del lugar, Daniel, de 49 a\u00f1os, fue notificado sobre las graves irregularidades, procedi\u00e9ndose a la inmediata clausura.<\/p>\n<p>\u00bfQu\u00e9 dice la ley?<br \/>\nLa Ley 13.081 en su art\u00edculo primero dice: \u201cLas personas f\u00edsicas o jur\u00eddicas, titulares o responsables de comercios y locales y quienes realicen actividades de car\u00e1cter comercial y\/o industrial, con automotores y embarcaciones, tales como talleres mec\u00e1nicos, chapistas, de electricidad y\/o de pintura; desarmaderos-, de reparaci\u00f3n integral o especializada; de instalaci\u00f3n de alarmas y\/o sistema de audio, gomer\u00edas; tapicer\u00edas, de servicios de remiser\u00eda y taxis; de comercializaci\u00f3n o locaci\u00f3n de automotores usados; de comercializaci\u00f3n de repuestos nuevos o usados; de compra y venta de autopartes, carrocer\u00edas, motores armados o semiarmados y chatarra; de servicios de cocheras y\/o estacionamiento de automotores por m\u00e1s de veinticuatro (24) horas; de guarder\u00eda o dep\u00f3sito de embarcaciones y de comercializaci\u00f3n y\/o instalaci\u00f3n de equipos para gas natural comprimido (GNC), as\u00ed como otros que funcionen en territorio provincial y que se dedique a la comercializaci\u00f3n de autopartes usadas, deber\u00e1n llevar un libro foliado y rubricado por el titular de la Comisar\u00eda de la jurisdicci\u00f3n, en el que deber\u00e1n asentarse conforme a las actividades desempe\u00f1adas los datos precisados en los art\u00edculos 7\u00b0, 8\u00b0, 9\u00b0, 10\u00b0, 11\u00b0 y 12 de la presente Ley. Quedan expresamente exceptuadas las terminales de la industria automotriz.<\/p>\n<p>El Poder Ejecutivo, a trav\u00e9s del Ministerio de Gobierno, oficiar\u00e1 en forma inmediata a los municipios de la Provincia, a fin de que en el t\u00e9rmino perentorio e improrrogable de diez (10) d\u00edas h\u00e1biles, se d\u00e9 cumplimiento a lo establecido en el presente art\u00edculo, comunicando en el mismo plazo al Ministerio de Seguridad las medidas adoptadas al efecto, as\u00ed como el resultado de las mismas.<\/p>\n<p>Asimismo en su art\u00edculo tercero la ley especifica que: \u201cLos comercios y\/o locales citados en el art\u00edculo lo que no cumplan con las exigencias impuestas en la presente Ley en el plazo de diez (10) d\u00edas h\u00e1biles contados desde la fecha de su publicaci\u00f3n, ser\u00e1n clausurados en forma inmediata, hasta tanto acrediten el cumplimiento de dichas exigencias. La clausura ser\u00e1 apelable \u00fanicamente con efecto devolutivo ante el \u00f3rgano con competencia en materia de faltas provinciales.<\/p>\n<p>La medida de clausura a la que se refiere la presente Ley ser\u00e1 dispuesta por el Ministerio  de Seguridad o el Intendente Municipal del distrito donde se disponga la medida\u201d.<\/p>\n<p>Fuente: Diario EL Norte<\/p>\n","protected":false},"excerpt":{"rendered":"<p>Efectivos de la Comisar\u00eda Segunda, en operativos de control de talleres y afines, en un local dedicado a la fabricaci\u00f3n de ca\u00f1os PVC, constataron la presencia de un dep\u00f3sito de gasoil clandestino de 25.000 litros. Asimismo el taller carec\u00eda de toda documentaci\u00f3n. En los operativos de control de \u201cTalleres y Afines\u201d, el Gabinete de Prevenci\u00f3n [&hellip;]<\/p>\n","protected":false},"author":4,"featured_media":39246,"comment_status":"open","ping_status":"closed","sticky":false,"template":"","format":"standard","meta":{"om_disable_all_campaigns":false,"_jetpack_memberships_contains_paid_content":false,"footnotes":""},"categories":[621],"tags":[],"class_list":["post-39245","post","type-post","status-publish","format-standard","has-post-thumbnail","hentry","category-regionales"],"aioseo_notices":[],"gutentor_comment":0,"jetpack_featured_media_url":"https:\/\/eldiariodesanpedro.com.ar\/sitio\/wp-content\/uploads\/2018\/08\/elnorte5b865d70137dc_7-gasoil-4x14.jpg","jetpack_shortlink":"https:\/\/wp.me\/p6RhLt-acZ","jetpack_sharing_enabled":true,"_links":{"self":[{"href":"https:\/\/eldiariodesanpedro.com.ar\/sitio\/wp-json\/wp\/v2\/posts\/39245","targetHints":{"allow":["GET"]}}],"collection":[{"href":"https:\/\/eldiariodesanpedro.com.ar\/sitio\/wp-json\/wp\/v2\/posts"}],"about":[{"href":"https:\/\/eldiariodesanpedro.com.ar\/sitio\/wp-json\/wp\/v2\/types\/post"}],"author":[{"embeddable":true,"href":"https:\/\/eldiariodesanpedro.com.ar\/sitio\/wp-json\/wp\/v2\/users\/4"}],"replies":[{"embeddable":true,"href":"https:\/\/eldiariodesanpedro.com.ar\/sitio\/wp-json\/wp\/v2\/comments?post=39245"}],"version-history":[{"count":1,"href":"https:\/\/eldiariodesanpedro.com.ar\/sitio\/wp-json\/wp\/v2\/posts\/39245\/revisions"}],"predecessor-version":[{"id":39247,"href":"https:\/\/eldiariodesanpedro.com.ar\/sitio\/wp-json\/wp\/v2\/posts\/39245\/revisions\/39247"}],"wp:featuredmedia":[{"embeddable":true,"href":"https:\/\/eldiariodesanpedro.com.ar\/sitio\/wp-json\/wp\/v2\/media\/39246"}],"wp:attachment":[{"href":"https:\/\/eldiariodesanpedro.com.ar\/sitio\/wp-json\/wp\/v2\/media?parent=39245"}],"wp:term":[{"taxonomy":"category","embeddable":true,"href":"https:\/\/eldiariodesanpedro.com.ar\/sitio\/wp-json\/wp\/v2\/categories?post=39245"},{"taxonomy":"post_tag","embeddable":true,"href":"https:\/\/eldiariodesanpedro.com.ar\/sitio\/wp-json\/wp\/v2\/tags?post=39245"}],"curies":[{"name":"wp","href":"https:\/\/api.w.org\/{rel}","templated":true}]}}