{"id":39238,"date":"2018-08-29T12:12:05","date_gmt":"2018-08-29T15:12:05","guid":{"rendered":"https:\/\/eldiariodesanpedro.com.ar\/sitio\/?p=39238"},"modified":"2018-08-29T12:31:44","modified_gmt":"2018-08-29T15:31:44","slug":"san-nicolas-desde-este-sabado-los-centros-de-dialisis-no-atenderan-a-pacientes-carenciados","status":"publish","type":"post","link":"https:\/\/eldiariodesanpedro.com.ar\/sitio\/san-nicolas-desde-este-sabado-los-centros-de-dialisis-no-atenderan-a-pacientes-carenciados\/","title":{"rendered":"SAN NICOL\u00c1S: Desde este s\u00e1bado, los centros de di\u00e1lisis no atender\u00e1n a pacientes carenciados"},"content":{"rendered":"<p><!-- VideographyWP Plugin Message: Automatic video embedding prevented by plugin options. --><br \/>\nA partir del pr\u00f3ximo s\u00e1bado, los 200 centros de di\u00e1lisis privados diseminados en toda la Argentina, no brindar\u00e1n m\u00e1s atenci\u00f3n a pacientes carenciados pertenecientes al programa federal (Profe) denominado Incluir Salud, a ra\u00edz de una deuda que mantiene el Estado nacional, por m\u00e1s de 250 millones de pesos, por el servicio que prestan.<\/p>\n<p>As\u00ed lo anticip\u00f3 la Confederaci\u00f3n de Asociaciones de Di\u00e1lisis de la Rep\u00fablica  Argentina (Cadra), debido a la falta de respuestas ante los reiterados reclamos de pago. La medida afecta a m\u00e1s de 1500 pacientes sin recursos.<\/p>\n<p>En sendas cartas documento enviadas al titular de la Agencia Nacional de Discapacidad, Santiago Ibarzabal y al responsable del Profe, Pablo Atchabahian, los directivos de Cadra le piden una soluci\u00f3n inmediata \u201cpara evitar consecuencias no deseadas\u201d.<\/p>\n<p>El presidente de la Cadra, Dar\u00edo Zapata, asegur\u00f3 que el desfinanciamiento que hoy sufren los centros de di\u00e1lisis del pa\u00eds, se debe, entre otros motivos  a la \u201cinsuficiencia del valor del m\u00f3dulo, el desfasaje de los costos de los materiales, el incremento de los honorarios profesionales y sueldos y la demora en el pago de las prestaciones\u201d.<\/p>\n<p>Incluir Salud-anteriormente llamado PROFE- a partir del a\u00f1o 2018 pas\u00f3 a depender de la Agencia Nacional de Discapacidad. Es un Sistema de Aseguramiento P\u00fablico de Salud que garantiza el acceso a los servicios de salud a madres de siete o m\u00e1s hijos, personas con discapacidad y adultos mayores de 70 a\u00f1os titulares de Pensiones No Contributivas (PNC), entre otros grupos.<\/p>\n<p>En el caso de la di\u00e1lisis, se firm\u00f3 un acuerdo por el cual el Estado deriva a los centros privados  los pacientes carenciados y les paga por los servicios (las sesiones m\u00e1s el traslado). En la pr\u00e1ctica, el Gobierno nacional no paga desde abril del a\u00f1o pasado. <\/p>\n<p>Fuente: Diario El Norte<\/p>\n","protected":false},"excerpt":{"rendered":"<p>A partir del pr\u00f3ximo s\u00e1bado, los 200 centros de di\u00e1lisis privados diseminados en toda la Argentina, no brindar\u00e1n m\u00e1s atenci\u00f3n a pacientes carenciados pertenecientes al programa federal (Profe) denominado Incluir Salud, a ra\u00edz de una deuda que mantiene el Estado nacional, por m\u00e1s de 250 millones de pesos, por el servicio que prestan. As\u00ed lo [&hellip;]<\/p>\n","protected":false},"author":4,"featured_media":39244,"comment_status":"open","ping_status":"closed","sticky":false,"template":"","format":"standard","meta":{"om_disable_all_campaigns":false,"_jetpack_memberships_contains_paid_content":false,"footnotes":""},"categories":[621],"tags":[],"class_list":["post-39238","post","type-post","status-publish","format-standard","has-post-thumbnail","hentry","category-regionales"],"aioseo_notices":[],"gutentor_comment":0,"jetpack_featured_media_url":"https:\/\/eldiariodesanpedro.com.ar\/sitio\/wp-content\/uploads\/2018\/08\/Patient_receiving_dialysis_03.jpg","jetpack_shortlink":"https:\/\/wp.me\/p6RhLt-acS","jetpack_sharing_enabled":true,"_links":{"self":[{"href":"https:\/\/eldiariodesanpedro.com.ar\/sitio\/wp-json\/wp\/v2\/posts\/39238","targetHints":{"allow":["GET"]}}],"collection":[{"href":"https:\/\/eldiariodesanpedro.com.ar\/sitio\/wp-json\/wp\/v2\/posts"}],"about":[{"href":"https:\/\/eldiariodesanpedro.com.ar\/sitio\/wp-json\/wp\/v2\/types\/post"}],"author":[{"embeddable":true,"href":"https:\/\/eldiariodesanpedro.com.ar\/sitio\/wp-json\/wp\/v2\/users\/4"}],"replies":[{"embeddable":true,"href":"https:\/\/eldiariodesanpedro.com.ar\/sitio\/wp-json\/wp\/v2\/comments?post=39238"}],"version-history":[{"count":1,"href":"https:\/\/eldiariodesanpedro.com.ar\/sitio\/wp-json\/wp\/v2\/posts\/39238\/revisions"}],"predecessor-version":[{"id":39240,"href":"https:\/\/eldiariodesanpedro.com.ar\/sitio\/wp-json\/wp\/v2\/posts\/39238\/revisions\/39240"}],"wp:featuredmedia":[{"embeddable":true,"href":"https:\/\/eldiariodesanpedro.com.ar\/sitio\/wp-json\/wp\/v2\/media\/39244"}],"wp:attachment":[{"href":"https:\/\/eldiariodesanpedro.com.ar\/sitio\/wp-json\/wp\/v2\/media?parent=39238"}],"wp:term":[{"taxonomy":"category","embeddable":true,"href":"https:\/\/eldiariodesanpedro.com.ar\/sitio\/wp-json\/wp\/v2\/categories?post=39238"},{"taxonomy":"post_tag","embeddable":true,"href":"https:\/\/eldiariodesanpedro.com.ar\/sitio\/wp-json\/wp\/v2\/tags?post=39238"}],"curies":[{"name":"wp","href":"https:\/\/api.w.org\/{rel}","templated":true}]}}