{"id":39232,"date":"2018-08-29T12:01:15","date_gmt":"2018-08-29T15:01:15","guid":{"rendered":"https:\/\/eldiariodesanpedro.com.ar\/sitio\/?p=39232"},"modified":"2018-08-29T12:01:15","modified_gmt":"2018-08-29T15:01:15","slug":"ramallo-la-generacion-de-empleo-tiene-que-ser-una-cuestion-de-estado-sostuvo-poletti","status":"publish","type":"post","link":"https:\/\/eldiariodesanpedro.com.ar\/sitio\/ramallo-la-generacion-de-empleo-tiene-que-ser-una-cuestion-de-estado-sostuvo-poletti\/","title":{"rendered":"RAMALLO: \u201cLa generaci\u00f3n de empleo tiene que ser una cuesti\u00f3n de estado\u201d, sostuvo Poletti"},"content":{"rendered":"<p><!-- VideographyWP Plugin Message: Automatic video embedding prevented by plugin options. --><br \/>\nEl alcalde de Ramallo cont\u00f3 la visi\u00f3n que internacionalmente se tiene del pa\u00eds. Por otro lado, se mostr\u00f3 preocupado por los ajustes y recortes.<br \/>\nEl intendente Mauro Poletti se mostr\u00f3 preocupado por la situaci\u00f3n financiera de Argentina. Confes\u00f3 que lee medios internacionales e indic\u00f3 que, seg\u00fan observa, \u00e9stos tienen cero por ciento de expectativas de crecimiento para el pa\u00eds. Sostuvo que eso es as\u00ed porque se trata de un pa\u00eds que va a tener recortes y ajustes.<\/p>\n<p>No obstante, coment\u00f3 que \u00e9l trabaja para que Ramallo pueda tener la posibilidad de atraer inversiones y generar puestos de trabajo. \u201cLa generaci\u00f3n de empleo tiene que ser una cuesti\u00f3n de estado\u201d, sostuvo.<\/p>\n<p>Por otro lado, coment\u00f3 \u201cEl puerto va a empezar a funcionar cuando haya terminado mi mandato y cuando est\u00e9 funcionando va a representar que 200 vecinos de Ramallo est\u00e9n laburando, Cemento Avellaneda 70 vecinos de Ramallo m\u00e1s laburando, Ivanar otro tanto, vecinos que van a estar viviendo dignamente del fruto de su trabajo y no de una dadiva del Estado\u201d.<\/p>\n<p>\u201cNo queremos que la gente tenga depender de un programa social o del Estado, queremos que los vecinos puedan ordenar su vida con propuestas como la de la plusval\u00eda con la posibilidad de acceder a un lote y proyectar claramente su futuro\u201d, remarc\u00f3.<\/p>\n<p>En ese sentido, el alcalde inform\u00f3 \u201cnosotros tenemos una pol\u00edtica de incorporaci\u00f3n de mano de obra ramallenses. Cuando nosotros llegamos a la Municipalidad nuestro objetivo fue torcer el 80 a 20 de empleados que se da en el parque industrial Comirsa, con respecto a San Nicol\u00e1s. A partir de la incorporaci\u00f3n del personal en el frigor\u00edfico de pollos &#8211;el 95 por ciento-, lo mismo en el Laboratorio Ramallo\u201d.<\/p>\n<p>Y cerr\u00f3: \u201cNosotros vemos que la vinculaci\u00f3n como se da en lo comercial desde el parque Comirsa con San Nicol\u00e1s no es la misma que tienen con Ramallo por eso como visi\u00f3n estrat\u00e9gica tenemos la misi\u00f3n de desarrollar este cord\u00f3n industrial sobre la costa de Ramallo. Por eso planteamos el desarrollo del parque industrial en Villa General Savio y buscamos tener una sinergia con el comercio de Ramallo, que va m\u00e1s all\u00e1 de empleo\u201d.<\/p>\n<p>Fuente: Grupo La Provincia<\/p>\n","protected":false},"excerpt":{"rendered":"<p>El alcalde de Ramallo cont\u00f3 la visi\u00f3n que internacionalmente se tiene del pa\u00eds. Por otro lado, se mostr\u00f3 preocupado por los ajustes y recortes. El intendente Mauro Poletti se mostr\u00f3 preocupado por la situaci\u00f3n financiera de Argentina. Confes\u00f3 que lee medios internacionales e indic\u00f3 que, seg\u00fan observa, \u00e9stos tienen cero por ciento de expectativas de [&hellip;]<\/p>\n","protected":false},"author":4,"featured_media":39233,"comment_status":"open","ping_status":"closed","sticky":false,"template":"","format":"standard","meta":{"om_disable_all_campaigns":false,"_jetpack_memberships_contains_paid_content":false,"footnotes":""},"categories":[621],"tags":[],"class_list":["post-39232","post","type-post","status-publish","format-standard","has-post-thumbnail","hentry","category-regionales"],"aioseo_notices":[],"gutentor_comment":0,"jetpack_featured_media_url":"https:\/\/eldiariodesanpedro.com.ar\/sitio\/wp-content\/uploads\/2018\/08\/poletti-e1535018629289.jpeg","jetpack_shortlink":"https:\/\/wp.me\/p6RhLt-acM","jetpack_sharing_enabled":true,"_links":{"self":[{"href":"https:\/\/eldiariodesanpedro.com.ar\/sitio\/wp-json\/wp\/v2\/posts\/39232","targetHints":{"allow":["GET"]}}],"collection":[{"href":"https:\/\/eldiariodesanpedro.com.ar\/sitio\/wp-json\/wp\/v2\/posts"}],"about":[{"href":"https:\/\/eldiariodesanpedro.com.ar\/sitio\/wp-json\/wp\/v2\/types\/post"}],"author":[{"embeddable":true,"href":"https:\/\/eldiariodesanpedro.com.ar\/sitio\/wp-json\/wp\/v2\/users\/4"}],"replies":[{"embeddable":true,"href":"https:\/\/eldiariodesanpedro.com.ar\/sitio\/wp-json\/wp\/v2\/comments?post=39232"}],"version-history":[{"count":1,"href":"https:\/\/eldiariodesanpedro.com.ar\/sitio\/wp-json\/wp\/v2\/posts\/39232\/revisions"}],"predecessor-version":[{"id":39234,"href":"https:\/\/eldiariodesanpedro.com.ar\/sitio\/wp-json\/wp\/v2\/posts\/39232\/revisions\/39234"}],"wp:featuredmedia":[{"embeddable":true,"href":"https:\/\/eldiariodesanpedro.com.ar\/sitio\/wp-json\/wp\/v2\/media\/39233"}],"wp:attachment":[{"href":"https:\/\/eldiariodesanpedro.com.ar\/sitio\/wp-json\/wp\/v2\/media?parent=39232"}],"wp:term":[{"taxonomy":"category","embeddable":true,"href":"https:\/\/eldiariodesanpedro.com.ar\/sitio\/wp-json\/wp\/v2\/categories?post=39232"},{"taxonomy":"post_tag","embeddable":true,"href":"https:\/\/eldiariodesanpedro.com.ar\/sitio\/wp-json\/wp\/v2\/tags?post=39232"}],"curies":[{"name":"wp","href":"https:\/\/api.w.org\/{rel}","templated":true}]}}