{"id":39229,"date":"2018-08-29T11:54:41","date_gmt":"2018-08-29T14:54:41","guid":{"rendered":"https:\/\/eldiariodesanpedro.com.ar\/sitio\/?p=39229"},"modified":"2018-08-29T11:54:41","modified_gmt":"2018-08-29T14:54:41","slug":"baradero-un-joven-fue-atacado-por-otros-cinco-y-le-robaron-500","status":"publish","type":"post","link":"https:\/\/eldiariodesanpedro.com.ar\/sitio\/baradero-un-joven-fue-atacado-por-otros-cinco-y-le-robaron-500\/","title":{"rendered":"BARADERO: Un joven fue atacado por otros cinco y le robaron $500"},"content":{"rendered":"<p><!-- VideographyWP Plugin Message: Automatic video embedding prevented by plugin options. --><br \/>\nFue en la madrugada del domingo en Rodr\u00edguez y Anchorena. El joven hab\u00eda salido de bailar y regresaba a su casa. Fue sorprendido por cinco sujetos que tras golpearlo le robaron el dinero que ten\u00eda en su poder. Se estima que la suma rondar\u00eda los $500.<br \/>\nTras el ataque el joven se acerc\u00f3 a un m\u00f3vil policial quien lo llev\u00f3 al hospital previo aviso a su familia.<\/p>\n<p>El Subcomisario Facundo Fiorabanti explic\u00f3 est\u00e1 ma\u00f1ana a Tu Radio que \u201cno hubo denuncia oficial\u201d.<\/p>\n<p>Agreg\u00f3 que \u201clos golpes los sufri\u00f3 en el rostro\u201d.<\/p>\n<p>Al ser consultado respecto de la negativa de la familia a radicar la denuncia dijo que \u201cno descarta que el damnificado conozca a sus agresores\u201d.<\/p>\n<p>Se\u00f1al\u00f3 que \u201cde todos modos se est\u00e1 trabajando en el caso\u201d.<\/p>\n<p>Fuente: Tu Linea Directa<\/p>\n","protected":false},"excerpt":{"rendered":"<p>Fue en la madrugada del domingo en Rodr\u00edguez y Anchorena. El joven hab\u00eda salido de bailar y regresaba a su casa. Fue sorprendido por cinco sujetos que tras golpearlo le robaron el dinero que ten\u00eda en su poder. Se estima que la suma rondar\u00eda los $500. Tras el ataque el joven se acerc\u00f3 a un [&hellip;]<\/p>\n","protected":false},"author":4,"featured_media":39230,"comment_status":"open","ping_status":"closed","sticky":false,"template":"","format":"standard","meta":{"om_disable_all_campaigns":false,"_jetpack_memberships_contains_paid_content":false,"footnotes":""},"categories":[621],"tags":[],"class_list":["post-39229","post","type-post","status-publish","format-standard","has-post-thumbnail","hentry","category-regionales"],"aioseo_notices":[],"gutentor_comment":0,"jetpack_featured_media_url":"https:\/\/eldiariodesanpedro.com.ar\/sitio\/wp-content\/uploads\/2018\/08\/patrullero-policia_3.jpg","jetpack_shortlink":"https:\/\/wp.me\/p6RhLt-acJ","jetpack_sharing_enabled":true,"_links":{"self":[{"href":"https:\/\/eldiariodesanpedro.com.ar\/sitio\/wp-json\/wp\/v2\/posts\/39229","targetHints":{"allow":["GET"]}}],"collection":[{"href":"https:\/\/eldiariodesanpedro.com.ar\/sitio\/wp-json\/wp\/v2\/posts"}],"about":[{"href":"https:\/\/eldiariodesanpedro.com.ar\/sitio\/wp-json\/wp\/v2\/types\/post"}],"author":[{"embeddable":true,"href":"https:\/\/eldiariodesanpedro.com.ar\/sitio\/wp-json\/wp\/v2\/users\/4"}],"replies":[{"embeddable":true,"href":"https:\/\/eldiariodesanpedro.com.ar\/sitio\/wp-json\/wp\/v2\/comments?post=39229"}],"version-history":[{"count":1,"href":"https:\/\/eldiariodesanpedro.com.ar\/sitio\/wp-json\/wp\/v2\/posts\/39229\/revisions"}],"predecessor-version":[{"id":39231,"href":"https:\/\/eldiariodesanpedro.com.ar\/sitio\/wp-json\/wp\/v2\/posts\/39229\/revisions\/39231"}],"wp:featuredmedia":[{"embeddable":true,"href":"https:\/\/eldiariodesanpedro.com.ar\/sitio\/wp-json\/wp\/v2\/media\/39230"}],"wp:attachment":[{"href":"https:\/\/eldiariodesanpedro.com.ar\/sitio\/wp-json\/wp\/v2\/media?parent=39229"}],"wp:term":[{"taxonomy":"category","embeddable":true,"href":"https:\/\/eldiariodesanpedro.com.ar\/sitio\/wp-json\/wp\/v2\/categories?post=39229"},{"taxonomy":"post_tag","embeddable":true,"href":"https:\/\/eldiariodesanpedro.com.ar\/sitio\/wp-json\/wp\/v2\/tags?post=39229"}],"curies":[{"name":"wp","href":"https:\/\/api.w.org\/{rel}","templated":true}]}}