{"id":39226,"date":"2018-08-29T10:05:46","date_gmt":"2018-08-29T13:05:46","guid":{"rendered":"https:\/\/eldiariodesanpedro.com.ar\/sitio\/?p=39226"},"modified":"2018-08-29T10:05:46","modified_gmt":"2018-08-29T13:05:46","slug":"el-intendente-recibio-al-centro-de-ingenieros-costa-del-parana","status":"publish","type":"post","link":"https:\/\/eldiariodesanpedro.com.ar\/sitio\/el-intendente-recibio-al-centro-de-ingenieros-costa-del-parana\/","title":{"rendered":"El Intendente recibi\u00f3 al Centro de Ingenieros Costa del Paran\u00e1"},"content":{"rendered":"<p><!-- VideographyWP Plugin Message: Automatic video embedding prevented by plugin options. --><br \/>\nEl Intendente Cecilio Salazar y el Secretario de Obras P\u00fablicas Ariel Alvarez y el Arquitecto Adolfo Benincasa, junto a otros miembros del gobierno municipal recibieron en el municipio a representantes del flamante Centro de Ingenieros Costa del Paran\u00e1, constituido recientemente en el seno del Centro de Comercio Industria y Turismo de San Pedro.<\/p>\n<p>H\u00e9ctor Allegrone su presidente junto Ariel Mu\u00f1oz Baltar, Ang\u00e9lica Alaniz y Lara Ponce comentaron las acciones en las que se proponen trabajar y el prop\u00f3sito de la creaci\u00f3n de este grupo que mantiene reuniones semanales y analiza cuestiones inherentes al funcionamiento de diferentes proyectos y acciones en las que se involucran. <\/p>\n<p>La C\u00e1mara cuenta con m\u00e1s de 50 socios y la presentaci\u00f3n oficial ante el Intendente y la Secretar\u00eda de Obras sirvi\u00f3 para establecer un canal de colaboraci\u00f3n consulta y planificaci\u00f3n que permita acciones conjuntas. Los interesados en sumarse pueden acercarse y conocer m\u00e1s detalles en la web <a href=\"http:\/\/cicpa.com.ar\">cicpa.com.ar<\/a><\/p>\n","protected":false},"excerpt":{"rendered":"<p>El Intendente Cecilio Salazar y el Secretario de Obras P\u00fablicas Ariel Alvarez y el Arquitecto Adolfo Benincasa, junto a otros miembros del gobierno municipal recibieron en el municipio a representantes del flamante Centro de Ingenieros Costa del Paran\u00e1, constituido recientemente en el seno del Centro de Comercio Industria y Turismo de San Pedro. H\u00e9ctor Allegrone [&hellip;]<\/p>\n","protected":false},"author":4,"featured_media":39227,"comment_status":"open","ping_status":"closed","sticky":false,"template":"","format":"standard","meta":{"om_disable_all_campaigns":false,"_jetpack_memberships_contains_paid_content":false,"footnotes":""},"categories":[2,102],"tags":[],"class_list":["post-39226","post","type-post","status-publish","format-standard","has-post-thumbnail","hentry","category-locales","category-politica-locales"],"aioseo_notices":[],"gutentor_comment":0,"jetpack_featured_media_url":"https:\/\/eldiariodesanpedro.com.ar\/sitio\/wp-content\/uploads\/2018\/08\/pastedImage-12.png","jetpack_shortlink":"https:\/\/wp.me\/p6RhLt-acG","jetpack_sharing_enabled":true,"_links":{"self":[{"href":"https:\/\/eldiariodesanpedro.com.ar\/sitio\/wp-json\/wp\/v2\/posts\/39226","targetHints":{"allow":["GET"]}}],"collection":[{"href":"https:\/\/eldiariodesanpedro.com.ar\/sitio\/wp-json\/wp\/v2\/posts"}],"about":[{"href":"https:\/\/eldiariodesanpedro.com.ar\/sitio\/wp-json\/wp\/v2\/types\/post"}],"author":[{"embeddable":true,"href":"https:\/\/eldiariodesanpedro.com.ar\/sitio\/wp-json\/wp\/v2\/users\/4"}],"replies":[{"embeddable":true,"href":"https:\/\/eldiariodesanpedro.com.ar\/sitio\/wp-json\/wp\/v2\/comments?post=39226"}],"version-history":[{"count":1,"href":"https:\/\/eldiariodesanpedro.com.ar\/sitio\/wp-json\/wp\/v2\/posts\/39226\/revisions"}],"predecessor-version":[{"id":39228,"href":"https:\/\/eldiariodesanpedro.com.ar\/sitio\/wp-json\/wp\/v2\/posts\/39226\/revisions\/39228"}],"wp:featuredmedia":[{"embeddable":true,"href":"https:\/\/eldiariodesanpedro.com.ar\/sitio\/wp-json\/wp\/v2\/media\/39227"}],"wp:attachment":[{"href":"https:\/\/eldiariodesanpedro.com.ar\/sitio\/wp-json\/wp\/v2\/media?parent=39226"}],"wp:term":[{"taxonomy":"category","embeddable":true,"href":"https:\/\/eldiariodesanpedro.com.ar\/sitio\/wp-json\/wp\/v2\/categories?post=39226"},{"taxonomy":"post_tag","embeddable":true,"href":"https:\/\/eldiariodesanpedro.com.ar\/sitio\/wp-json\/wp\/v2\/tags?post=39226"}],"curies":[{"name":"wp","href":"https:\/\/api.w.org\/{rel}","templated":true}]}}