{"id":39223,"date":"2018-08-29T10:03:10","date_gmt":"2018-08-29T13:03:10","guid":{"rendered":"https:\/\/eldiariodesanpedro.com.ar\/sitio\/?p=39223"},"modified":"2018-08-29T10:03:10","modified_gmt":"2018-08-29T13:03:10","slug":"la-camara-de-turismo-de-la-provincia-se-reunio-en-el-ccit","status":"publish","type":"post","link":"https:\/\/eldiariodesanpedro.com.ar\/sitio\/la-camara-de-turismo-de-la-provincia-se-reunio-en-el-ccit\/","title":{"rendered":"La C\u00e1mara de Turismo de la Provincia se reuni\u00f3 en el CCIT"},"content":{"rendered":"<p><!-- VideographyWP Plugin Message: Automatic video embedding prevented by plugin options. --><br \/>\nEn el Sal\u00f3n de los Espejos del Centro de Comercio Industria y Turismo tuvo lugar este martes 28 de agosto la reuni\u00f3n mensual de la C\u00e1mara de Turismo de la Provincia de Buenos Aires de la que nuestra entidad es fundadora. A poco tiempo de haber comenzado a funcionar y en medio de una diversidad de acciones para consolidad productos tur\u00edsticos dentro de la Provincia de Buenos Aires, la decisi\u00f3n de efectuar una reuni\u00f3n en nuestra ciudad y en nuestra entidad ha constituido un reconocimiento muy importante.<\/p>\n<p>Estuvieron presentes representantes de ciudades del interior bonaerense y la apertura estuvo a cargo de Mauro Troilo, presidente del CCIT y miembro de la C\u00e1mara quien precisamente destac\u00f3 el gesto de distinguir a San Pedro con esta reuni\u00f3n con un temario tan importante. El presidente de la C\u00e1mara de Turismo, el marplatense Gustavo Hani agradeci\u00f3 la invitaci\u00f3n y recibi\u00f3 la bienvenida del Subsecretario de Desarrollo Econ\u00f3mico Alfredo Camilletti y de la Lic. Marecela Cu\u00f1er Directora de Turismo quienes ofrecieron a los visitantes un repaso de la actualidad tur\u00edstica de nuestra regi\u00f3n, los progresos logrados en los diferentes ejes que son parte de esta actividad y las perspectivas para la pr\u00f3xima temporada. <\/p>\n<p>En el temario los miembros de la c\u00e1mara analizaron temas tales como la generaci\u00f3n de conexiones a\u00e9reas entre puntos de la provincia, las acciones promocionales de la pr\u00f3xima temporada, las novedades de las comisiones internas que trabajan en productos y comunicaciones, nuevos convenios con organismos provinciales y otras cuestiones institucionales y administrativas.<\/p>\n","protected":false},"excerpt":{"rendered":"<p>En el Sal\u00f3n de los Espejos del Centro de Comercio Industria y Turismo tuvo lugar este martes 28 de agosto la reuni\u00f3n mensual de la C\u00e1mara de Turismo de la Provincia de Buenos Aires de la que nuestra entidad es fundadora. A poco tiempo de haber comenzado a funcionar y en medio de una diversidad [&hellip;]<\/p>\n","protected":false},"author":4,"featured_media":39224,"comment_status":"open","ping_status":"closed","sticky":false,"template":"","format":"standard","meta":{"om_disable_all_campaigns":false,"_jetpack_memberships_contains_paid_content":false,"footnotes":""},"categories":[101,2],"tags":[],"class_list":["post-39223","post","type-post","status-publish","format-standard","has-post-thumbnail","hentry","category-interes-general-locales","category-locales"],"aioseo_notices":[],"gutentor_comment":0,"jetpack_featured_media_url":"https:\/\/eldiariodesanpedro.com.ar\/sitio\/wp-content\/uploads\/2018\/08\/catur1.jpg","jetpack_shortlink":"https:\/\/wp.me\/p6RhLt-acD","jetpack_sharing_enabled":true,"_links":{"self":[{"href":"https:\/\/eldiariodesanpedro.com.ar\/sitio\/wp-json\/wp\/v2\/posts\/39223","targetHints":{"allow":["GET"]}}],"collection":[{"href":"https:\/\/eldiariodesanpedro.com.ar\/sitio\/wp-json\/wp\/v2\/posts"}],"about":[{"href":"https:\/\/eldiariodesanpedro.com.ar\/sitio\/wp-json\/wp\/v2\/types\/post"}],"author":[{"embeddable":true,"href":"https:\/\/eldiariodesanpedro.com.ar\/sitio\/wp-json\/wp\/v2\/users\/4"}],"replies":[{"embeddable":true,"href":"https:\/\/eldiariodesanpedro.com.ar\/sitio\/wp-json\/wp\/v2\/comments?post=39223"}],"version-history":[{"count":1,"href":"https:\/\/eldiariodesanpedro.com.ar\/sitio\/wp-json\/wp\/v2\/posts\/39223\/revisions"}],"predecessor-version":[{"id":39225,"href":"https:\/\/eldiariodesanpedro.com.ar\/sitio\/wp-json\/wp\/v2\/posts\/39223\/revisions\/39225"}],"wp:featuredmedia":[{"embeddable":true,"href":"https:\/\/eldiariodesanpedro.com.ar\/sitio\/wp-json\/wp\/v2\/media\/39224"}],"wp:attachment":[{"href":"https:\/\/eldiariodesanpedro.com.ar\/sitio\/wp-json\/wp\/v2\/media?parent=39223"}],"wp:term":[{"taxonomy":"category","embeddable":true,"href":"https:\/\/eldiariodesanpedro.com.ar\/sitio\/wp-json\/wp\/v2\/categories?post=39223"},{"taxonomy":"post_tag","embeddable":true,"href":"https:\/\/eldiariodesanpedro.com.ar\/sitio\/wp-json\/wp\/v2\/tags?post=39223"}],"curies":[{"name":"wp","href":"https:\/\/api.w.org\/{rel}","templated":true}]}}