{"id":39221,"date":"2018-08-29T09:52:16","date_gmt":"2018-08-29T12:52:16","guid":{"rendered":"https:\/\/eldiariodesanpedro.com.ar\/sitio\/?p=39221"},"modified":"2018-08-29T09:52:16","modified_gmt":"2018-08-29T12:52:16","slug":"un-hombre-agredio-fisicamente-a-su-ex-pareja-y-fue-aprehendido","status":"publish","type":"post","link":"https:\/\/eldiariodesanpedro.com.ar\/sitio\/un-hombre-agredio-fisicamente-a-su-ex-pareja-y-fue-aprehendido\/","title":{"rendered":"Un hombre agredi\u00f3 f\u00edsicamente a su ex pareja y fue aprehendido"},"content":{"rendered":"<p><!-- VideographyWP Plugin Message: Automatic video embedding prevented by plugin options. --><br \/>\nEn la tarde noche del martes, alrededor de las  20:00 hs una mujer denunci\u00f3 en la Comisaria Local, que en discusi\u00f3n con su ex pareja, un hombre mayor de edad, este mismo la agrede f\u00edsicamente al entrar a su domicilio. Fue aprehendido y trasladado a la Dependencia.<\/p>\n","protected":false},"excerpt":{"rendered":"<p>En la tarde noche del martes, alrededor de las 20:00 hs una mujer denunci\u00f3 en la Comisaria Local, que en discusi\u00f3n con su ex pareja, un hombre mayor de edad, este mismo la agrede f\u00edsicamente al entrar a su domicilio. Fue aprehendido y trasladado a la Dependencia.<\/p>\n","protected":false},"author":4,"featured_media":13371,"comment_status":"open","ping_status":"closed","sticky":false,"template":"","format":"standard","meta":{"om_disable_all_campaigns":false,"_jetpack_memberships_contains_paid_content":false,"footnotes":""},"categories":[2,103],"tags":[],"class_list":["post-39221","post","type-post","status-publish","format-standard","has-post-thumbnail","hentry","category-locales","category-policiales-locales"],"aioseo_notices":[],"gutentor_comment":0,"jetpack_featured_media_url":"https:\/\/eldiariodesanpedro.com.ar\/sitio\/wp-content\/uploads\/2017\/01\/Patrulla-3-e1485286104708.jpg","jetpack_shortlink":"https:\/\/wp.me\/p6RhLt-acB","jetpack_sharing_enabled":true,"_links":{"self":[{"href":"https:\/\/eldiariodesanpedro.com.ar\/sitio\/wp-json\/wp\/v2\/posts\/39221","targetHints":{"allow":["GET"]}}],"collection":[{"href":"https:\/\/eldiariodesanpedro.com.ar\/sitio\/wp-json\/wp\/v2\/posts"}],"about":[{"href":"https:\/\/eldiariodesanpedro.com.ar\/sitio\/wp-json\/wp\/v2\/types\/post"}],"author":[{"embeddable":true,"href":"https:\/\/eldiariodesanpedro.com.ar\/sitio\/wp-json\/wp\/v2\/users\/4"}],"replies":[{"embeddable":true,"href":"https:\/\/eldiariodesanpedro.com.ar\/sitio\/wp-json\/wp\/v2\/comments?post=39221"}],"version-history":[{"count":1,"href":"https:\/\/eldiariodesanpedro.com.ar\/sitio\/wp-json\/wp\/v2\/posts\/39221\/revisions"}],"predecessor-version":[{"id":39222,"href":"https:\/\/eldiariodesanpedro.com.ar\/sitio\/wp-json\/wp\/v2\/posts\/39221\/revisions\/39222"}],"wp:featuredmedia":[{"embeddable":true,"href":"https:\/\/eldiariodesanpedro.com.ar\/sitio\/wp-json\/wp\/v2\/media\/13371"}],"wp:attachment":[{"href":"https:\/\/eldiariodesanpedro.com.ar\/sitio\/wp-json\/wp\/v2\/media?parent=39221"}],"wp:term":[{"taxonomy":"category","embeddable":true,"href":"https:\/\/eldiariodesanpedro.com.ar\/sitio\/wp-json\/wp\/v2\/categories?post=39221"},{"taxonomy":"post_tag","embeddable":true,"href":"https:\/\/eldiariodesanpedro.com.ar\/sitio\/wp-json\/wp\/v2\/tags?post=39221"}],"curies":[{"name":"wp","href":"https:\/\/api.w.org\/{rel}","templated":true}]}}