{"id":39213,"date":"2018-08-29T09:17:04","date_gmt":"2018-08-29T12:17:04","guid":{"rendered":"https:\/\/eldiariodesanpedro.com.ar\/sitio\/?p=39213"},"modified":"2018-08-29T09:19:44","modified_gmt":"2018-08-29T12:19:44","slug":"siguen-los-operativos-del-gpm-mas-de-10-personas-aprehendidas-y-8-motos-secuestradas","status":"publish","type":"post","link":"https:\/\/eldiariodesanpedro.com.ar\/sitio\/siguen-los-operativos-del-gpm-mas-de-10-personas-aprehendidas-y-8-motos-secuestradas\/","title":{"rendered":"Siguen los Operativos del GPM,  m\u00e1s de 10 personas aprehendidas y 8 motos secuestradas"},"content":{"rendered":"<p><!-- VideographyWP Plugin Message: Automatic video embedding prevented by plugin options. --><br \/>\nEs el segundo dia que el Grupo de Prevenci\u00f3n Motorizada de la Superintendencia de la Prov. se encuentra en nuestra ciudad y en el marco de distintos operativos, son m\u00e1s de 10 personas las aprehendidas y alrededor de 8 motos secuestrada,s con pedido de captura por el delito de hurto.<\/p>\n<p>Seg\u00fan el parte policial, este medio describe las intervenciones:<\/p>\n<p>Hubo dos casos donde dos personas se dieron a la fuga al intentar evadir el control policial pero fueron aprehendidos; el primero fue en intersecci\u00f3n de las calles Lavalle y Miguel Porta, un joven de 24 a\u00f1os de edad, quien circulaba en una motocicleta Honda Tornado, evadiendo el control y desobedece detener marcha, quien fue aprehendido a los pocos metros presentando pedido de paradero activo, luego en Casella y Miguel Porta, otro joven de 23, intenta evadir tambi\u00e9n el control quien registraba pedido de paradero activo; y en calle Ruffa y Las Provincias, un joven de 21, m\u00e1s sobre Av 11 de Septiembre y Lucio Mansilla, un hombre de 39, los dos tambi\u00e9n con pedido de paradero activo. Todos solicitados por la Fiscal\u00eda de San Nicolas, ambos fueron trasladados a la comisaria local.<\/p>\n<p>En el acceso a R\u00edo tala y Ruta 1001, en conjunto con el destacamento de esa localidad, se secuestra una motocicleta marca Guerrero Trip, la cual posee secuestro activo con con fecha alta 13 de Febrero de 2013 por la U.F.I. N\u00b0 5 San Pedro, conducida por un ciudadano de 35 a\u00f1os de edad; tambi\u00e9n en nuestra ciudad en intersecci\u00f3n de las calles Auli y Manuel Iglesias, un joven de 29 aprehendido que circulaba en una motocicleta Guerrero Trip quien registra pedido de paradero por la fiscal\u00eda N\u00ba8 de Baradero; en Rafael Obligado y calle 64, se aprehendi\u00f3 a un hombre de 41, quien circulaba en motocicleta Gilera 110cc Tunning, sin documentaci\u00f3n, portando un arma blanca en su poder. En todos los casos interviene el Juzgado de Faltas por los rodados y el Juzgado de Paz por los aprehendidos notificando recaudos encubrimiento de hurto-aprehensi\u00f3n y secuestro.<\/p>\n<p>Ademas por el marco de infracci\u00f3n por la ley de drogas fueron aprehendidas tres personas; la primera en calle Mitre y Caroni, un joven de 18 a\u00f1os de edad, la segunda en Av. 11 de Septiembre y Mart\u00edn Fierro, un hombre de 35 que ademas circulaba en una mondial dax 70 sin documentaci\u00f3n, y en intersecci\u00f3n de las calles Fray Cayetano Rodr\u00edguez y La Laguna, se aprehendi\u00f3 un joven de 27, quien adem\u00e1s circulaba en un veh\u00edculo Peugeot 504, sin documentaci\u00f3n. Ambos ten\u00edan en su poder envoltorios con marihuana, todos trasladados a la Dependencia Local.<\/p>\n<p>Se siguen los Operativos con tiempo indeterminado.<\/p>\n<p>Algunas fotos de los vehiculos secuestrados:<\/p>\n<div data-carousel-extra='{&quot;blog_id&quot;:1,&quot;permalink&quot;:&quot;https:\/\/eldiariodesanpedro.com.ar\/sitio\/siguen-los-operativos-del-gpm-mas-de-10-personas-aprehendidas-y-8-motos-secuestradas\/&quot;}' id='gallery-1' class='gallery galleryid-39213 gallery-columns-3 gallery-size-thumbnail'><figure class='gallery-item'>\n\t\t\t<div class='gallery-icon landscape'>\n\t\t\t\t<a href='https:\/\/eldiariodesanpedro.com.ar\/sitio\/siguen-los-operativos-del-gpm-mas-de-10-personas-aprehendidas-y-8-motos-secuestradas\/whatsapp-image-2018-08-29-at-08-57-10\/'><img decoding=\"async\" width=\"150\" height=\"150\" data-src=\"https:\/\/eldiariodesanpedro.com.ar\/sitio\/wp-content\/uploads\/2018\/08\/WhatsApp-Image-2018-08-29-at-08.57.10-150x150.jpeg\" class=\"attachment-thumbnail size-thumbnail lazyload\" alt=\"El Diario de San Pedro | Noticias locales y regionales\" data-attachment-id=\"39218\" data-permalink=\"https:\/\/eldiariodesanpedro.com.ar\/sitio\/siguen-los-operativos-del-gpm-mas-de-10-personas-aprehendidas-y-8-motos-secuestradas\/whatsapp-image-2018-08-29-at-08-57-10\/\" data-orig-file=\"https:\/\/eldiariodesanpedro.com.ar\/sitio\/wp-content\/uploads\/2018\/08\/WhatsApp-Image-2018-08-29-at-08.57.10.jpeg\" data-orig-size=\"1280,960\" data-comments-opened=\"1\" data-image-meta=\"{&quot;aperture&quot;:&quot;0&quot;,&quot;credit&quot;:&quot;&quot;,&quot;camera&quot;:&quot;&quot;,&quot;caption&quot;:&quot;&quot;,&quot;created_timestamp&quot;:&quot;0&quot;,&quot;copyright&quot;:&quot;&quot;,&quot;focal_length&quot;:&quot;0&quot;,&quot;iso&quot;:&quot;0&quot;,&quot;shutter_speed&quot;:&quot;0&quot;,&quot;title&quot;:&quot;&quot;,&quot;orientation&quot;:&quot;0&quot;}\" data-image-title=\"WhatsApp Image 2018-08-29 at 08.57.10\" data-image-description=\"\" data-image-caption=\"\" data-large-file=\"https:\/\/eldiariodesanpedro.com.ar\/sitio\/wp-content\/uploads\/2018\/08\/WhatsApp-Image-2018-08-29-at-08.57.10-1024x768.jpeg\" src=\"data:image\/svg+xml;base64,PHN2ZyB3aWR0aD0iMSIgaGVpZ2h0PSIxIiB4bWxucz0iaHR0cDovL3d3dy53My5vcmcvMjAwMC9zdmciPjwvc3ZnPg==\" style=\"--smush-placeholder-width: 150px; --smush-placeholder-aspect-ratio: 150\/150;\" \/><\/a>\n\t\t\t<\/div><\/figure><figure class='gallery-item'>\n\t\t\t<div class='gallery-icon landscape'>\n\t\t\t\t<a href='https:\/\/eldiariodesanpedro.com.ar\/sitio\/siguen-los-operativos-del-gpm-mas-de-10-personas-aprehendidas-y-8-motos-secuestradas\/whatsapp-image-2018-08-29-at-08-57-10-1\/'><img decoding=\"async\" width=\"150\" height=\"150\" data-src=\"https:\/\/eldiariodesanpedro.com.ar\/sitio\/wp-content\/uploads\/2018\/08\/WhatsApp-Image-2018-08-29-at-08.57.10-1-150x150.jpeg\" class=\"attachment-thumbnail size-thumbnail lazyload\" alt=\"El Diario de San Pedro | Noticias locales y regionales\" data-attachment-id=\"39217\" data-permalink=\"https:\/\/eldiariodesanpedro.com.ar\/sitio\/siguen-los-operativos-del-gpm-mas-de-10-personas-aprehendidas-y-8-motos-secuestradas\/whatsapp-image-2018-08-29-at-08-57-10-1\/\" data-orig-file=\"https:\/\/eldiariodesanpedro.com.ar\/sitio\/wp-content\/uploads\/2018\/08\/WhatsApp-Image-2018-08-29-at-08.57.10-1.jpeg\" data-orig-size=\"1280,720\" data-comments-opened=\"1\" data-image-meta=\"{&quot;aperture&quot;:&quot;0&quot;,&quot;credit&quot;:&quot;&quot;,&quot;camera&quot;:&quot;&quot;,&quot;caption&quot;:&quot;&quot;,&quot;created_timestamp&quot;:&quot;0&quot;,&quot;copyright&quot;:&quot;&quot;,&quot;focal_length&quot;:&quot;0&quot;,&quot;iso&quot;:&quot;0&quot;,&quot;shutter_speed&quot;:&quot;0&quot;,&quot;title&quot;:&quot;&quot;,&quot;orientation&quot;:&quot;0&quot;}\" data-image-title=\"WhatsApp Image 2018-08-29 at 08.57.10 (1)\" data-image-description=\"\" data-image-caption=\"\" data-large-file=\"https:\/\/eldiariodesanpedro.com.ar\/sitio\/wp-content\/uploads\/2018\/08\/WhatsApp-Image-2018-08-29-at-08.57.10-1-1024x576.jpeg\" src=\"data:image\/svg+xml;base64,PHN2ZyB3aWR0aD0iMSIgaGVpZ2h0PSIxIiB4bWxucz0iaHR0cDovL3d3dy53My5vcmcvMjAwMC9zdmciPjwvc3ZnPg==\" style=\"--smush-placeholder-width: 150px; --smush-placeholder-aspect-ratio: 150\/150;\" \/><\/a>\n\t\t\t<\/div><\/figure><figure class='gallery-item'>\n\t\t\t<div class='gallery-icon landscape'>\n\t\t\t\t<a href='https:\/\/eldiariodesanpedro.com.ar\/sitio\/siguen-los-operativos-del-gpm-mas-de-10-personas-aprehendidas-y-8-motos-secuestradas\/whatsapp-image-2018-08-29-at-08-57-09\/'><img decoding=\"async\" width=\"150\" height=\"150\" data-src=\"https:\/\/eldiariodesanpedro.com.ar\/sitio\/wp-content\/uploads\/2018\/08\/WhatsApp-Image-2018-08-29-at-08.57.09-150x150.jpeg\" class=\"attachment-thumbnail size-thumbnail lazyload\" alt=\"El Diario de San Pedro | Noticias locales y regionales\" data-attachment-id=\"39216\" data-permalink=\"https:\/\/eldiariodesanpedro.com.ar\/sitio\/siguen-los-operativos-del-gpm-mas-de-10-personas-aprehendidas-y-8-motos-secuestradas\/whatsapp-image-2018-08-29-at-08-57-09\/\" data-orig-file=\"https:\/\/eldiariodesanpedro.com.ar\/sitio\/wp-content\/uploads\/2018\/08\/WhatsApp-Image-2018-08-29-at-08.57.09.jpeg\" data-orig-size=\"1032,774\" data-comments-opened=\"1\" data-image-meta=\"{&quot;aperture&quot;:&quot;0&quot;,&quot;credit&quot;:&quot;&quot;,&quot;camera&quot;:&quot;&quot;,&quot;caption&quot;:&quot;&quot;,&quot;created_timestamp&quot;:&quot;0&quot;,&quot;copyright&quot;:&quot;&quot;,&quot;focal_length&quot;:&quot;0&quot;,&quot;iso&quot;:&quot;0&quot;,&quot;shutter_speed&quot;:&quot;0&quot;,&quot;title&quot;:&quot;&quot;,&quot;orientation&quot;:&quot;0&quot;}\" data-image-title=\"WhatsApp Image 2018-08-29 at 08.57.09\" data-image-description=\"\" data-image-caption=\"\" data-large-file=\"https:\/\/eldiariodesanpedro.com.ar\/sitio\/wp-content\/uploads\/2018\/08\/WhatsApp-Image-2018-08-29-at-08.57.09-1024x768.jpeg\" src=\"data:image\/svg+xml;base64,PHN2ZyB3aWR0aD0iMSIgaGVpZ2h0PSIxIiB4bWxucz0iaHR0cDovL3d3dy53My5vcmcvMjAwMC9zdmciPjwvc3ZnPg==\" style=\"--smush-placeholder-width: 150px; --smush-placeholder-aspect-ratio: 150\/150;\" \/><\/a>\n\t\t\t<\/div><\/figure><figure class='gallery-item'>\n\t\t\t<div class='gallery-icon landscape'>\n\t\t\t\t<a href='https:\/\/eldiariodesanpedro.com.ar\/sitio\/siguen-los-operativos-del-gpm-mas-de-10-personas-aprehendidas-y-8-motos-secuestradas\/whatsapp-image-2018-08-29-at-08-57-08\/'><img decoding=\"async\" width=\"150\" height=\"150\" data-src=\"https:\/\/eldiariodesanpedro.com.ar\/sitio\/wp-content\/uploads\/2018\/08\/WhatsApp-Image-2018-08-29-at-08.57.08-150x150.jpeg\" class=\"attachment-thumbnail size-thumbnail lazyload\" alt=\"El Diario de San Pedro | Noticias locales y regionales\" data-attachment-id=\"39215\" data-permalink=\"https:\/\/eldiariodesanpedro.com.ar\/sitio\/siguen-los-operativos-del-gpm-mas-de-10-personas-aprehendidas-y-8-motos-secuestradas\/whatsapp-image-2018-08-29-at-08-57-08\/\" data-orig-file=\"https:\/\/eldiariodesanpedro.com.ar\/sitio\/wp-content\/uploads\/2018\/08\/WhatsApp-Image-2018-08-29-at-08.57.08.jpeg\" data-orig-size=\"1280,960\" data-comments-opened=\"1\" data-image-meta=\"{&quot;aperture&quot;:&quot;0&quot;,&quot;credit&quot;:&quot;&quot;,&quot;camera&quot;:&quot;&quot;,&quot;caption&quot;:&quot;&quot;,&quot;created_timestamp&quot;:&quot;0&quot;,&quot;copyright&quot;:&quot;&quot;,&quot;focal_length&quot;:&quot;0&quot;,&quot;iso&quot;:&quot;0&quot;,&quot;shutter_speed&quot;:&quot;0&quot;,&quot;title&quot;:&quot;&quot;,&quot;orientation&quot;:&quot;0&quot;}\" data-image-title=\"WhatsApp Image 2018-08-29 at 08.57.08\" data-image-description=\"\" data-image-caption=\"\" data-large-file=\"https:\/\/eldiariodesanpedro.com.ar\/sitio\/wp-content\/uploads\/2018\/08\/WhatsApp-Image-2018-08-29-at-08.57.08-1024x768.jpeg\" src=\"data:image\/svg+xml;base64,PHN2ZyB3aWR0aD0iMSIgaGVpZ2h0PSIxIiB4bWxucz0iaHR0cDovL3d3dy53My5vcmcvMjAwMC9zdmciPjwvc3ZnPg==\" style=\"--smush-placeholder-width: 150px; --smush-placeholder-aspect-ratio: 150\/150;\" \/><\/a>\n\t\t\t<\/div><\/figure><figure class='gallery-item'>\n\t\t\t<div class='gallery-icon landscape'>\n\t\t\t\t<a href='https:\/\/eldiariodesanpedro.com.ar\/sitio\/siguen-los-operativos-del-gpm-mas-de-10-personas-aprehendidas-y-8-motos-secuestradas\/whatsapp-image-2018-08-29-at-08-57-08-1\/'><img decoding=\"async\" width=\"150\" height=\"150\" data-src=\"https:\/\/eldiariodesanpedro.com.ar\/sitio\/wp-content\/uploads\/2018\/08\/WhatsApp-Image-2018-08-29-at-08.57.08-1-150x150.jpeg\" class=\"attachment-thumbnail size-thumbnail lazyload\" alt=\"El Diario de San Pedro | Noticias locales y regionales\" data-attachment-id=\"39214\" data-permalink=\"https:\/\/eldiariodesanpedro.com.ar\/sitio\/siguen-los-operativos-del-gpm-mas-de-10-personas-aprehendidas-y-8-motos-secuestradas\/whatsapp-image-2018-08-29-at-08-57-08-1\/\" data-orig-file=\"https:\/\/eldiariodesanpedro.com.ar\/sitio\/wp-content\/uploads\/2018\/08\/WhatsApp-Image-2018-08-29-at-08.57.08-1.jpeg\" data-orig-size=\"1280,960\" data-comments-opened=\"1\" data-image-meta=\"{&quot;aperture&quot;:&quot;0&quot;,&quot;credit&quot;:&quot;&quot;,&quot;camera&quot;:&quot;&quot;,&quot;caption&quot;:&quot;&quot;,&quot;created_timestamp&quot;:&quot;0&quot;,&quot;copyright&quot;:&quot;&quot;,&quot;focal_length&quot;:&quot;0&quot;,&quot;iso&quot;:&quot;0&quot;,&quot;shutter_speed&quot;:&quot;0&quot;,&quot;title&quot;:&quot;&quot;,&quot;orientation&quot;:&quot;0&quot;}\" data-image-title=\"WhatsApp Image 2018-08-29 at 08.57.08 (1)\" data-image-description=\"\" data-image-caption=\"\" data-large-file=\"https:\/\/eldiariodesanpedro.com.ar\/sitio\/wp-content\/uploads\/2018\/08\/WhatsApp-Image-2018-08-29-at-08.57.08-1-1024x768.jpeg\" src=\"data:image\/svg+xml;base64,PHN2ZyB3aWR0aD0iMSIgaGVpZ2h0PSIxIiB4bWxucz0iaHR0cDovL3d3dy53My5vcmcvMjAwMC9zdmciPjwvc3ZnPg==\" style=\"--smush-placeholder-width: 150px; --smush-placeholder-aspect-ratio: 150\/150;\" \/><\/a>\n\t\t\t<\/div><\/figure>\n\t\t<\/div>\n\n","protected":false},"excerpt":{"rendered":"<p>Es el segundo dia que el Grupo de Prevenci\u00f3n Motorizada de la Superintendencia de la Prov. se encuentra en nuestra ciudad y en el marco de distintos operativos, son m\u00e1s de 10 personas las aprehendidas y alrededor de 8 motos secuestrada,s con pedido de captura por el delito de hurto. Seg\u00fan el parte policial, este [&hellip;]<\/p>\n","protected":false},"author":4,"featured_media":39090,"comment_status":"open","ping_status":"closed","sticky":false,"template":"","format":"standard","meta":{"om_disable_all_campaigns":false,"_jetpack_memberships_contains_paid_content":false,"footnotes":""},"categories":[50,2,103],"tags":[],"class_list":["post-39213","post","type-post","status-publish","format-standard","has-post-thumbnail","hentry","category-destacadas","category-locales","category-policiales-locales"],"aioseo_notices":[],"gutentor_comment":0,"jetpack_featured_media_url":"https:\/\/eldiariodesanpedro.com.ar\/sitio\/wp-content\/uploads\/2018\/08\/WhatsApp-Image-2018-08-27-at-11.18.25-1.jpeg","jetpack_shortlink":"https:\/\/wp.me\/p6RhLt-act","jetpack_sharing_enabled":true,"_links":{"self":[{"href":"https:\/\/eldiariodesanpedro.com.ar\/sitio\/wp-json\/wp\/v2\/posts\/39213","targetHints":{"allow":["GET"]}}],"collection":[{"href":"https:\/\/eldiariodesanpedro.com.ar\/sitio\/wp-json\/wp\/v2\/posts"}],"about":[{"href":"https:\/\/eldiariodesanpedro.com.ar\/sitio\/wp-json\/wp\/v2\/types\/post"}],"author":[{"embeddable":true,"href":"https:\/\/eldiariodesanpedro.com.ar\/sitio\/wp-json\/wp\/v2\/users\/4"}],"replies":[{"embeddable":true,"href":"https:\/\/eldiariodesanpedro.com.ar\/sitio\/wp-json\/wp\/v2\/comments?post=39213"}],"version-history":[{"count":1,"href":"https:\/\/eldiariodesanpedro.com.ar\/sitio\/wp-json\/wp\/v2\/posts\/39213\/revisions"}],"predecessor-version":[{"id":39219,"href":"https:\/\/eldiariodesanpedro.com.ar\/sitio\/wp-json\/wp\/v2\/posts\/39213\/revisions\/39219"}],"wp:featuredmedia":[{"embeddable":true,"href":"https:\/\/eldiariodesanpedro.com.ar\/sitio\/wp-json\/wp\/v2\/media\/39090"}],"wp:attachment":[{"href":"https:\/\/eldiariodesanpedro.com.ar\/sitio\/wp-json\/wp\/v2\/media?parent=39213"}],"wp:term":[{"taxonomy":"category","embeddable":true,"href":"https:\/\/eldiariodesanpedro.com.ar\/sitio\/wp-json\/wp\/v2\/categories?post=39213"},{"taxonomy":"post_tag","embeddable":true,"href":"https:\/\/eldiariodesanpedro.com.ar\/sitio\/wp-json\/wp\/v2\/tags?post=39213"}],"curies":[{"name":"wp","href":"https:\/\/api.w.org\/{rel}","templated":true}]}}