{"id":39207,"date":"2018-08-28T20:40:34","date_gmt":"2018-08-28T23:40:34","guid":{"rendered":"https:\/\/eldiariodesanpedro.com.ar\/sitio\/?p=39207"},"modified":"2026-01-24T00:11:09","modified_gmt":"2026-01-24T03:11:09","slug":"padel-dos-torneos-entre-sabado-y-domingo-en-el-club-pescadores","status":"publish","type":"post","link":"https:\/\/eldiariodesanpedro.com.ar\/sitio\/padel-dos-torneos-entre-sabado-y-domingo-en-el-club-pescadores\/","title":{"rendered":"PADEL: Dos torneos entre s\u00e1bado y domingo en el club Pescadores"},"content":{"rendered":"<p><!-- VideographyWP Plugin Message: Automatic video embedding prevented by plugin options. --><br \/>\n  Dos torneos de Padel se llev\u00f3 a cabo entre s\u00e1bado y domingo en la cancha del club Pescadores, siendo para caballeros y damas. Con una interesante cantidad de parejas el mismo se jug\u00f3 desde horas del mediod\u00eda hasta la noche y fue organizado por la subcomisi\u00f3n de Padel de ese club.<\/p>\n<p>  El s\u00e1bado fue la pareja Analia Sibilla y Juan Cruz Cabrera quienes se coronaron campeones, al superar en la final a Nicol\u00e1s Gelabert y Gast\u00f3n Parera. El domingo ganadoras Yamila Brancatizano y Carla Duc\u00f3, subcampeonas Miriam Cocchi y Susana Obreg\u00f3n.<\/p>\n","protected":false},"excerpt":{"rendered":"<p>Dos torneos de Padel se llev\u00f3 a cabo entre s\u00e1bado y domingo en la cancha del club Pescadores, siendo para caballeros y damas. Con una interesante cantidad de parejas el mismo se jug\u00f3 desde horas del mediod\u00eda hasta la noche y fue organizado por la subcomisi\u00f3n de Padel de ese club. El s\u00e1bado fue la [&hellip;]<\/p>\n","protected":false},"author":4,"featured_media":39209,"comment_status":"open","ping_status":"closed","sticky":false,"template":"","format":"standard","meta":{"om_disable_all_campaigns":false,"_jetpack_memberships_contains_paid_content":false,"footnotes":""},"categories":[5],"tags":[],"class_list":["post-39207","post","type-post","status-publish","format-standard","has-post-thumbnail","hentry","category-deportes"],"aioseo_notices":[],"gutentor_comment":0,"jetpack_featured_media_url":"https:\/\/eldiariodesanpedro.com.ar\/sitio\/wp-content\/uploads\/2018\/08\/padel-Parejas-finalista-el-sabado.jpg","jetpack_shortlink":"https:\/\/wp.me\/p6RhLt-acn","jetpack_sharing_enabled":true,"_links":{"self":[{"href":"https:\/\/eldiariodesanpedro.com.ar\/sitio\/wp-json\/wp\/v2\/posts\/39207","targetHints":{"allow":["GET"]}}],"collection":[{"href":"https:\/\/eldiariodesanpedro.com.ar\/sitio\/wp-json\/wp\/v2\/posts"}],"about":[{"href":"https:\/\/eldiariodesanpedro.com.ar\/sitio\/wp-json\/wp\/v2\/types\/post"}],"author":[{"embeddable":true,"href":"https:\/\/eldiariodesanpedro.com.ar\/sitio\/wp-json\/wp\/v2\/users\/4"}],"replies":[{"embeddable":true,"href":"https:\/\/eldiariodesanpedro.com.ar\/sitio\/wp-json\/wp\/v2\/comments?post=39207"}],"version-history":[{"count":1,"href":"https:\/\/eldiariodesanpedro.com.ar\/sitio\/wp-json\/wp\/v2\/posts\/39207\/revisions"}],"predecessor-version":[{"id":39211,"href":"https:\/\/eldiariodesanpedro.com.ar\/sitio\/wp-json\/wp\/v2\/posts\/39207\/revisions\/39211"}],"wp:featuredmedia":[{"embeddable":true,"href":"https:\/\/eldiariodesanpedro.com.ar\/sitio\/wp-json\/wp\/v2\/media\/39209"}],"wp:attachment":[{"href":"https:\/\/eldiariodesanpedro.com.ar\/sitio\/wp-json\/wp\/v2\/media?parent=39207"}],"wp:term":[{"taxonomy":"category","embeddable":true,"href":"https:\/\/eldiariodesanpedro.com.ar\/sitio\/wp-json\/wp\/v2\/categories?post=39207"},{"taxonomy":"post_tag","embeddable":true,"href":"https:\/\/eldiariodesanpedro.com.ar\/sitio\/wp-json\/wp\/v2\/tags?post=39207"}],"curies":[{"name":"wp","href":"https:\/\/api.w.org\/{rel}","templated":true}]}}