{"id":39206,"date":"2018-08-28T20:40:07","date_gmt":"2018-08-28T23:40:07","guid":{"rendered":"https:\/\/eldiariodesanpedro.com.ar\/sitio\/?p=39206"},"modified":"2026-01-24T00:11:09","modified_gmt":"2026-01-24T03:11:09","slug":"ciclismo-agustin-basualdo-continua-reinando-en-el-panoramico-del-oeste","status":"publish","type":"post","link":"https:\/\/eldiariodesanpedro.com.ar\/sitio\/ciclismo-agustin-basualdo-continua-reinando-en-el-panoramico-del-oeste\/","title":{"rendered":"CICLISMO: Agust\u00edn Basualdo contin\u00faa reinando en el Panor\u00e1mico del Oeste"},"content":{"rendered":"<p><!-- VideographyWP Plugin Message: Automatic video embedding prevented by plugin options. --><br \/>\n  Luego de ardua competencia principal donde cinco sampedrinos, que subieron al podio, hacer diferencia significativa, como para llegar a definir entre ellos en el sprint, los puestos de vanguardia.<br \/>\nOtro \u00e9xito de Pro Ciclismo San Pedro en el \u00faltimo fin de semana de Agosto.<\/p>\n<p><strong>INFANTILES<\/strong><br \/>\nParticiparon: Patricio Sierra (Nogoy\u00e1) \u2013 Gonzalo Paz \u2013 Fantino Giuliani \u2013 Axel L\u00f3pez \u2013 \u00c1ngel Quintana \u2013 Laureano Cardoso \u2013 Just\u00edn Giuliani<\/p>\n<p><strong>PE\u00d1A CICLISTAS SAMPEDRINOS<\/strong><br \/>\n1\u00ba Javier Gorbar\u00e1n<br \/>\n2\u00ba Daniel Chipolini<br \/>\n3\u00ba Rub\u00e9n \u201cPelusa\u201d Laurino<br \/>\n4\u00ba Ra\u00fal Canabal<br \/>\n5\u00ba Luis Paz<\/p>\n<p><strong>MAYORES Y MENORES ZONALES<\/strong><br \/>\n1\u00ba Nicol\u00e1s Casado<br \/>\n2\u00ba Lucas Arp\u00eda<br \/>\n3\u00ba Daniel Barraza<br \/>\n4\u00ba Brian Carro<br \/>\n5\u00ba Juan Quintero<\/p>\n<p><strong>M\u00c1STER \u201cD\u201d<\/strong><br \/>\n1\u00ba Roberto G\u00f3mez (Capilla del Se\u00f1or)<br \/>\n2\u00ba Roberto Liberatore (Rosario)<br \/>\n3\u00ba Rub\u00e9n Morales (San Pedro)<br \/>\n4\u00ba Juan Carlos Pasten (Campana)<br \/>\n5\u00ba Oscar Artiguez (San Pedro)<\/p>\n<p><strong>M\u00c1STER \u201cB-2\u201d Y \u201cC\u201d<\/strong><br \/>\n1\u00ba Gustavo Paday (Capit\u00e1n Sarmiento)<br \/>\n2\u00ba Jorge Gallo (Pergamino)<br \/>\n3\u00ba Fernando \u201cPalomo\u201d Corval\u00e1n (San Pedro)<br \/>\n4\u00ba Juan Fontana (Capit\u00e1n Sarmiento)<br \/>\n5\u00ba Rub\u00e9n Mallada (Z\u00e1rate)<br \/>\n6\u00ba Daniel Boaglio (San Pedro)<\/p>\n<p><strong>PROMO \u2013 M\u00c1STER \u201cA\u201d y \u201cB\u201d<\/strong><br \/>\n1\u00ba Agust\u00edn Basualdo (San Pedro)<br \/>\n2\u00ba Juan Pablo Villarruel (San Pedro)<br \/>\n3\u00ba Alejandro Tuero (San Pedro)<br \/>\n4\u00ba Mario Garibaldi (San Pedro)<br \/>\n5\u00ba Mario Sbert (San Pedro)<\/p>\n<p>Ganadores embalajes especiales: Ignacio Garc\u00eda (Santa Luc\u00eda) \u2013 Dami\u00e1n Boscherino \u2013 L\u00e1zaro Villarruel \u2013 Just\u00edn Joach\u00edn (La Luisa) \u2013 Juan Jos\u00e9 Paz.<\/p>\n<p><strong>Pr\u00f3ximo Programa:<\/strong> domingo 2 de septiembre 2018.<\/p>\n","protected":false},"excerpt":{"rendered":"<p>Luego de ardua competencia principal donde cinco sampedrinos, que subieron al podio, hacer diferencia significativa, como para llegar a definir entre ellos en el sprint, los puestos de vanguardia. Otro \u00e9xito de Pro Ciclismo San Pedro en el \u00faltimo fin de semana de Agosto. INFANTILES Participaron: Patricio Sierra (Nogoy\u00e1) \u2013 Gonzalo Paz \u2013 Fantino Giuliani [&hellip;]<\/p>\n","protected":false},"author":4,"featured_media":39208,"comment_status":"open","ping_status":"closed","sticky":false,"template":"","format":"standard","meta":{"om_disable_all_campaigns":false,"_jetpack_memberships_contains_paid_content":false,"footnotes":""},"categories":[5],"tags":[],"class_list":["post-39206","post","type-post","status-publish","format-standard","has-post-thumbnail","hentry","category-deportes"],"aioseo_notices":[],"gutentor_comment":0,"jetpack_featured_media_url":"https:\/\/eldiariodesanpedro.com.ar\/sitio\/wp-content\/uploads\/2018\/08\/Agustin-Basualdo-contin\u00faa-reinando-en-el-Panor\u00e1mico-del-Oeste.jpg","jetpack_shortlink":"https:\/\/wp.me\/p6RhLt-acm","jetpack_sharing_enabled":true,"_links":{"self":[{"href":"https:\/\/eldiariodesanpedro.com.ar\/sitio\/wp-json\/wp\/v2\/posts\/39206","targetHints":{"allow":["GET"]}}],"collection":[{"href":"https:\/\/eldiariodesanpedro.com.ar\/sitio\/wp-json\/wp\/v2\/posts"}],"about":[{"href":"https:\/\/eldiariodesanpedro.com.ar\/sitio\/wp-json\/wp\/v2\/types\/post"}],"author":[{"embeddable":true,"href":"https:\/\/eldiariodesanpedro.com.ar\/sitio\/wp-json\/wp\/v2\/users\/4"}],"replies":[{"embeddable":true,"href":"https:\/\/eldiariodesanpedro.com.ar\/sitio\/wp-json\/wp\/v2\/comments?post=39206"}],"version-history":[{"count":1,"href":"https:\/\/eldiariodesanpedro.com.ar\/sitio\/wp-json\/wp\/v2\/posts\/39206\/revisions"}],"predecessor-version":[{"id":39210,"href":"https:\/\/eldiariodesanpedro.com.ar\/sitio\/wp-json\/wp\/v2\/posts\/39206\/revisions\/39210"}],"wp:featuredmedia":[{"embeddable":true,"href":"https:\/\/eldiariodesanpedro.com.ar\/sitio\/wp-json\/wp\/v2\/media\/39208"}],"wp:attachment":[{"href":"https:\/\/eldiariodesanpedro.com.ar\/sitio\/wp-json\/wp\/v2\/media?parent=39206"}],"wp:term":[{"taxonomy":"category","embeddable":true,"href":"https:\/\/eldiariodesanpedro.com.ar\/sitio\/wp-json\/wp\/v2\/categories?post=39206"},{"taxonomy":"post_tag","embeddable":true,"href":"https:\/\/eldiariodesanpedro.com.ar\/sitio\/wp-json\/wp\/v2\/tags?post=39206"}],"curies":[{"name":"wp","href":"https:\/\/api.w.org\/{rel}","templated":true}]}}