{"id":39202,"date":"2018-08-28T20:34:31","date_gmt":"2018-08-28T23:34:31","guid":{"rendered":"https:\/\/eldiariodesanpedro.com.ar\/sitio\/?p=39202"},"modified":"2026-01-24T00:11:09","modified_gmt":"2026-01-24T03:11:09","slug":"futbol-local-se-reprogramo-la-tercera-fecha","status":"publish","type":"post","link":"https:\/\/eldiariodesanpedro.com.ar\/sitio\/futbol-local-se-reprogramo-la-tercera-fecha\/","title":{"rendered":"F\u00daTBOL LOCAL: Se reprogram\u00f3 la tercera fecha"},"content":{"rendered":"<p><!-- VideographyWP Plugin Message: Automatic video embedding prevented by plugin options. --><br \/>\n  La jornada s\u00f3lo jug\u00f3 en tres canchas por la lluvia: Mitre-Las Palmeras y Fundici\u00f3n-Portela, mientras que con inferiores lo hizo La Esperanza-Banfield. Se juega entre s\u00e1bado y domingo sin modificaciones.<br \/>\n  El pasado fin de semana por el fallecimiento del juvenil jugador de San Roque K. Guilmen fue suspendido la fecha. Se reprogram\u00f3 la jornada no sufriendo modificaciones. El pr\u00f3ximo s\u00e1bado solamente con Primera: La Esperanza-Banfield y el resto el domingo, donde el cl\u00e1sico Central C\u00f3rdoba- Gral. San Mart\u00edn sobresale del resto.<\/p>\n<p><strong>Los partidos y horarios<\/strong><br \/>\n<em>Zona A<\/em><br \/>\nParan\u00e1 FC vs. Agricultores Club (domingo 2\/9)<br \/>\n(Quinta: 10:30\/Cuarta: 11:45\/Tercera: 13:00\/Sub 21: 14:30\/Primera: 16:15)<br \/>\nSportivo vs. Am\u00e9rica (domingo 2\/9)<br \/>\n(Quinta: 11:00\/Cuarta: 12:15\/Tercera: 13:30\/Sub 21: 15:00\/Primera: 16:45)<br \/>\nLa Esperanza vs. Banfield (s\u00e1bado 1\/9)<br \/>\n(Primera: 15:30)<\/p>\n<p><em>Zona B<\/em><br \/>\nDep. Alsina vs. Rivadavia (domingo 2\/9)<br \/>\n(Quinta: 10:30\/Cuarta: 11:45\/Tercera: 13:00\/Sub 21: 14:30\/Primera: 16:15)<br \/>\nAtl\u00e9tico vs. Independencia FC (domingo 2\/9)<br \/>\n(Quinta: 10:00\/Cuarta: 11:15\/Tercera: 12:30\/Sub 21: 14:00\/Primera: 15:45)<br \/>\nDef. Unidos vs. San Roque FC (domingo 2\/9)<br \/>\n(Quinta: 10:00\/Cuarta: 11:15\/Tercera: 12:30\/Sub 21: 14:00\/Primera: 15:45)<\/p>\n<p><em>Interzonal<\/em><br \/>\nCentral C\u00f3rdoba vs. Gral. San Mart\u00edn (domingo 2\/9)<br \/>\n(Quinta: 10:30\/Cuarta: 11:45\/Tercera: 13:00\/Sub 21: 14:30\/Primera: 16:15)<\/p>\n","protected":false},"excerpt":{"rendered":"<p>La jornada s\u00f3lo jug\u00f3 en tres canchas por la lluvia: Mitre-Las Palmeras y Fundici\u00f3n-Portela, mientras que con inferiores lo hizo La Esperanza-Banfield. Se juega entre s\u00e1bado y domingo sin modificaciones. El pasado fin de semana por el fallecimiento del juvenil jugador de San Roque K. Guilmen fue suspendido la fecha. Se reprogram\u00f3 la jornada no [&hellip;]<\/p>\n","protected":false},"author":4,"featured_media":12943,"comment_status":"open","ping_status":"closed","sticky":false,"template":"","format":"standard","meta":{"om_disable_all_campaigns":false,"_jetpack_memberships_contains_paid_content":false,"footnotes":""},"categories":[5],"tags":[],"class_list":["post-39202","post","type-post","status-publish","format-standard","has-post-thumbnail","hentry","category-deportes"],"aioseo_notices":[],"gutentor_comment":0,"jetpack_featured_media_url":"https:\/\/eldiariodesanpedro.com.ar\/sitio\/wp-content\/uploads\/2017\/01\/futbol.jpg","jetpack_shortlink":"https:\/\/wp.me\/p6RhLt-aci","jetpack_sharing_enabled":true,"_links":{"self":[{"href":"https:\/\/eldiariodesanpedro.com.ar\/sitio\/wp-json\/wp\/v2\/posts\/39202","targetHints":{"allow":["GET"]}}],"collection":[{"href":"https:\/\/eldiariodesanpedro.com.ar\/sitio\/wp-json\/wp\/v2\/posts"}],"about":[{"href":"https:\/\/eldiariodesanpedro.com.ar\/sitio\/wp-json\/wp\/v2\/types\/post"}],"author":[{"embeddable":true,"href":"https:\/\/eldiariodesanpedro.com.ar\/sitio\/wp-json\/wp\/v2\/users\/4"}],"replies":[{"embeddable":true,"href":"https:\/\/eldiariodesanpedro.com.ar\/sitio\/wp-json\/wp\/v2\/comments?post=39202"}],"version-history":[{"count":1,"href":"https:\/\/eldiariodesanpedro.com.ar\/sitio\/wp-json\/wp\/v2\/posts\/39202\/revisions"}],"predecessor-version":[{"id":39204,"href":"https:\/\/eldiariodesanpedro.com.ar\/sitio\/wp-json\/wp\/v2\/posts\/39202\/revisions\/39204"}],"wp:featuredmedia":[{"embeddable":true,"href":"https:\/\/eldiariodesanpedro.com.ar\/sitio\/wp-json\/wp\/v2\/media\/12943"}],"wp:attachment":[{"href":"https:\/\/eldiariodesanpedro.com.ar\/sitio\/wp-json\/wp\/v2\/media?parent=39202"}],"wp:term":[{"taxonomy":"category","embeddable":true,"href":"https:\/\/eldiariodesanpedro.com.ar\/sitio\/wp-json\/wp\/v2\/categories?post=39202"},{"taxonomy":"post_tag","embeddable":true,"href":"https:\/\/eldiariodesanpedro.com.ar\/sitio\/wp-json\/wp\/v2\/tags?post=39202"}],"curies":[{"name":"wp","href":"https:\/\/api.w.org\/{rel}","templated":true}]}}