{"id":39201,"date":"2018-08-28T20:34:33","date_gmt":"2018-08-28T23:34:33","guid":{"rendered":"https:\/\/eldiariodesanpedro.com.ar\/sitio\/?p=39201"},"modified":"2026-01-24T00:11:09","modified_gmt":"2026-01-24T03:11:09","slug":"nacional-sub-15-hoy-san-pedro-recibe-a-san-antonio-de-areco","status":"publish","type":"post","link":"https:\/\/eldiariodesanpedro.com.ar\/sitio\/nacional-sub-15-hoy-san-pedro-recibe-a-san-antonio-de-areco\/","title":{"rendered":"NACIONAL SUB 15: Hoy San Pedro recibe a San Antonio de Areco"},"content":{"rendered":"<p><!-- VideographyWP Plugin Message: Automatic video embedding prevented by plugin options. --><br \/>\n  Selectivo de la Liga Sampedrina ser\u00e1 nuevamente local, esta vez por la tercera fecha de la etapa que coordina Federaci\u00f3n Norte de F\u00fatbol ante San Antonio de Areco desde las 16:00 horas en el \u201cColoso\u201d.<br \/>\n  Los chicos de San Pedro igualaron en sus dos presentaciones 1 a 1, con Pergamino de visitante y Arrecifes de local. La zona la encabeza Pergamino con 4 puntos, seguido de SADA con 3, San Pedro 2 y Arrecifes 1. Todos los partidos y posiciones de la etapa coordinada por FNF.<\/p>\n<p><img decoding=\"async\" data-attachment-id=\"39203\" data-permalink=\"https:\/\/eldiariodesanpedro.com.ar\/sitio\/nacional-sub-15-hoy-san-pedro-recibe-a-san-antonio-de-areco\/info-29-08-18-posiciones\/\" data-orig-file=\"https:\/\/eldiariodesanpedro.com.ar\/sitio\/wp-content\/uploads\/2018\/08\/INFO-29-08-18-posiciones.jpg\" data-orig-size=\"1451,1172\" data-comments-opened=\"1\" data-image-meta=\"{&quot;aperture&quot;:&quot;0&quot;,&quot;credit&quot;:&quot;Fernando Bettendorff&quot;,&quot;camera&quot;:&quot;&quot;,&quot;caption&quot;:&quot;&quot;,&quot;created_timestamp&quot;:&quot;1535482534&quot;,&quot;copyright&quot;:&quot;&quot;,&quot;focal_length&quot;:&quot;0&quot;,&quot;iso&quot;:&quot;0&quot;,&quot;shutter_speed&quot;:&quot;0&quot;,&quot;title&quot;:&quot;&quot;,&quot;orientation&quot;:&quot;0&quot;}\" data-image-title=\"INFO 29-08-18 posiciones\" data-image-description=\"\" data-image-caption=\"\" data-large-file=\"https:\/\/eldiariodesanpedro.com.ar\/sitio\/wp-content\/uploads\/2018\/08\/INFO-29-08-18-posiciones-1024x827.jpg\" data-src=\"https:\/\/eldiariodesanpedro.com.ar\/sitio\/wp-content\/uploads\/2018\/08\/INFO-29-08-18-posiciones-1024x827.jpg\" alt=\"\" width=\"660\" height=\"533\" class=\"alignnone size-large wp-image-39203 lazyload\" data-srcset=\"https:\/\/eldiariodesanpedro.com.ar\/sitio\/wp-content\/uploads\/2018\/08\/INFO-29-08-18-posiciones-1024x827.jpg 1024w, https:\/\/eldiariodesanpedro.com.ar\/sitio\/wp-content\/uploads\/2018\/08\/INFO-29-08-18-posiciones-300x242.jpg 300w, https:\/\/eldiariodesanpedro.com.ar\/sitio\/wp-content\/uploads\/2018\/08\/INFO-29-08-18-posiciones-768x620.jpg 768w, https:\/\/eldiariodesanpedro.com.ar\/sitio\/wp-content\/uploads\/2018\/08\/INFO-29-08-18-posiciones.jpg 1451w\" data-sizes=\"(max-width: 660px) 100vw, 660px\" src=\"data:image\/svg+xml;base64,PHN2ZyB3aWR0aD0iMSIgaGVpZ2h0PSIxIiB4bWxucz0iaHR0cDovL3d3dy53My5vcmcvMjAwMC9zdmciPjwvc3ZnPg==\" style=\"--smush-placeholder-width: 660px; --smush-placeholder-aspect-ratio: 660\/533;\" \/><\/p>\n","protected":false},"excerpt":{"rendered":"<p>Selectivo de la Liga Sampedrina ser\u00e1 nuevamente local, esta vez por la tercera fecha de la etapa que coordina Federaci\u00f3n Norte de F\u00fatbol ante San Antonio de Areco desde las 16:00 horas en el \u201cColoso\u201d. Los chicos de San Pedro igualaron en sus dos presentaciones 1 a 1, con Pergamino de visitante y Arrecifes de [&hellip;]<\/p>\n","protected":false},"author":4,"featured_media":35528,"comment_status":"open","ping_status":"closed","sticky":false,"template":"","format":"standard","meta":{"om_disable_all_campaigns":false,"_jetpack_memberships_contains_paid_content":false,"footnotes":""},"categories":[5],"tags":[],"class_list":["post-39201","post","type-post","status-publish","format-standard","has-post-thumbnail","hentry","category-deportes"],"aioseo_notices":[],"gutentor_comment":0,"jetpack_featured_media_url":"https:\/\/eldiariodesanpedro.com.ar\/sitio\/wp-content\/uploads\/2018\/06\/futbol-5.jpg","jetpack_shortlink":"https:\/\/wp.me\/p6RhLt-ach","jetpack_sharing_enabled":true,"_links":{"self":[{"href":"https:\/\/eldiariodesanpedro.com.ar\/sitio\/wp-json\/wp\/v2\/posts\/39201","targetHints":{"allow":["GET"]}}],"collection":[{"href":"https:\/\/eldiariodesanpedro.com.ar\/sitio\/wp-json\/wp\/v2\/posts"}],"about":[{"href":"https:\/\/eldiariodesanpedro.com.ar\/sitio\/wp-json\/wp\/v2\/types\/post"}],"author":[{"embeddable":true,"href":"https:\/\/eldiariodesanpedro.com.ar\/sitio\/wp-json\/wp\/v2\/users\/4"}],"replies":[{"embeddable":true,"href":"https:\/\/eldiariodesanpedro.com.ar\/sitio\/wp-json\/wp\/v2\/comments?post=39201"}],"version-history":[{"count":1,"href":"https:\/\/eldiariodesanpedro.com.ar\/sitio\/wp-json\/wp\/v2\/posts\/39201\/revisions"}],"predecessor-version":[{"id":39205,"href":"https:\/\/eldiariodesanpedro.com.ar\/sitio\/wp-json\/wp\/v2\/posts\/39201\/revisions\/39205"}],"wp:featuredmedia":[{"embeddable":true,"href":"https:\/\/eldiariodesanpedro.com.ar\/sitio\/wp-json\/wp\/v2\/media\/35528"}],"wp:attachment":[{"href":"https:\/\/eldiariodesanpedro.com.ar\/sitio\/wp-json\/wp\/v2\/media?parent=39201"}],"wp:term":[{"taxonomy":"category","embeddable":true,"href":"https:\/\/eldiariodesanpedro.com.ar\/sitio\/wp-json\/wp\/v2\/categories?post=39201"},{"taxonomy":"post_tag","embeddable":true,"href":"https:\/\/eldiariodesanpedro.com.ar\/sitio\/wp-json\/wp\/v2\/tags?post=39201"}],"curies":[{"name":"wp","href":"https:\/\/api.w.org\/{rel}","templated":true}]}}