{"id":39192,"date":"2018-08-28T17:15:19","date_gmt":"2018-08-28T20:15:19","guid":{"rendered":"https:\/\/eldiariodesanpedro.com.ar\/sitio\/?p=39192"},"modified":"2018-08-28T17:15:19","modified_gmt":"2018-08-28T20:15:19","slug":"comienza-el-desafio-de-habilidades-bomberiles-2018","status":"publish","type":"post","link":"https:\/\/eldiariodesanpedro.com.ar\/sitio\/comienza-el-desafio-de-habilidades-bomberiles-2018\/","title":{"rendered":"Comienza el Desaf\u00edo de Habilidades Bomberiles 2018"},"content":{"rendered":"<p><!-- VideographyWP Plugin Message: Automatic video embedding prevented by plugin options. --><br \/>\nEl inicio del evento que pondr\u00e1 a prueba las habilidades y destrezas de los bomberos de Argentina comienza hoy, el VII Desaf\u00edo de Habilidades Bomberiles 2018.<\/p>\n<p>Este mi\u00e9rcoles 29 de agosto a las 12h se escuchar\u00e1 en la Ciudad de Buenos Aires la largada de la primera de una serie de competencias ininterrumpidas que se extender\u00e1n hasta el viernes 31 en La Rural de Palermo, Av. Sarmiento 2704, en el marco de la Exposici\u00f3n INTERSEC Buenos Aires.<\/p>\n<p>En esta ocasion representando a la Federacion 2 de Junio,estaran participando en el torneo nacional 4 integrantes de BV de San Pedro( Roman Montenegro,Cristian De Palma,Luis Torrens y Melanie Dincau).En el torneo latinoamericano participaran tambien 2 integrantes de la Institucion,representando a la seleccion Argentina,ellos son Nicolas Cava y Vanesa Alvarez.Una vez mas BV de San Pedro tiene presencia en un evento tan importante que contara con la participacion de mas de 500 Bomberos Argentinos y extranjeros.Las actividades se realizaran de miercoles a viernes inclusive de 11 a 19 hs.<\/p>\n<p>Ser\u00e1n tres d\u00edas de competencia, vida sana, camarader\u00eda e intercambio de experiencias entre bomberos voluntarios y bomberos de las Fuerzas de Seguridad de todo el pa\u00eds quienes medir\u00e1n sus destrezas y entrenamiento, jug\u00e1ndose en cada una de las 5 estaciones que completan el circuito de la prueba, el premio a ser los mejores.<\/p>\n<p>Tambi\u00e9n este a\u00f1o tendr\u00e1 lugar la competencia internacional Copa OBA que lleva adelante Organizaci\u00f3n Bomberos Americanos (OBA) y que est\u00e1 abierta a los bomberos y bomberas de Iberomam\u00e9rica (pertenecientes a un Miembro OBA). Este a\u00f1o contaremos con la presencia de delegaciones representantes de Argentina, Chile, Colombia, Ecuador, M\u00e9xico, Paraguay y Uruguay.<\/p>\n<p>Con este evento y de la mano del programa Bombero Sano, desarrollado por el Consejo de Federaciones de Bomberos Voluntarios de la Rep\u00fablica Argentina y por Fundaci\u00f3n Bomberos de Argentina, se promueve el entrenamiento, la alimentaci\u00f3n saludable y los chequeos m\u00e9dicos peri\u00f3dicos entre los bomberos y bomberas que conforman el Sistema Nacional de Bomberos Voluntarios.<\/p>\n<p>Las delegaciones podr\u00e1n acceder tambi\u00e9n a una propuesta de viandas e hidrataci\u00f3n saludable que el equipo de nutricionistas del programa ha preparado especialmente para estas jornadas. Adem\u00e1s, y junto al departamento de Socorrismo de la Academia Nacional de Bomberos, se estar\u00e1 realizando durante las competencias una actividad de Detecci\u00f3n de Factores de Riesgo Cardiovasculares.<\/p>\n","protected":false},"excerpt":{"rendered":"<p>El inicio del evento que pondr\u00e1 a prueba las habilidades y destrezas de los bomberos de Argentina comienza hoy, el VII Desaf\u00edo de Habilidades Bomberiles 2018. Este mi\u00e9rcoles 29 de agosto a las 12h se escuchar\u00e1 en la Ciudad de Buenos Aires la largada de la primera de una serie de competencias ininterrumpidas que se [&hellip;]<\/p>\n","protected":false},"author":4,"featured_media":39193,"comment_status":"open","ping_status":"closed","sticky":false,"template":"","format":"standard","meta":{"om_disable_all_campaigns":false,"_jetpack_memberships_contains_paid_content":false,"footnotes":""},"categories":[101,2],"tags":[],"class_list":["post-39192","post","type-post","status-publish","format-standard","has-post-thumbnail","hentry","category-interes-general-locales","category-locales"],"aioseo_notices":[],"gutentor_comment":0,"jetpack_featured_media_url":"https:\/\/eldiariodesanpedro.com.ar\/sitio\/wp-content\/uploads\/2018\/08\/000071186.png","jetpack_shortlink":"https:\/\/wp.me\/p6RhLt-ac8","jetpack_sharing_enabled":true,"_links":{"self":[{"href":"https:\/\/eldiariodesanpedro.com.ar\/sitio\/wp-json\/wp\/v2\/posts\/39192","targetHints":{"allow":["GET"]}}],"collection":[{"href":"https:\/\/eldiariodesanpedro.com.ar\/sitio\/wp-json\/wp\/v2\/posts"}],"about":[{"href":"https:\/\/eldiariodesanpedro.com.ar\/sitio\/wp-json\/wp\/v2\/types\/post"}],"author":[{"embeddable":true,"href":"https:\/\/eldiariodesanpedro.com.ar\/sitio\/wp-json\/wp\/v2\/users\/4"}],"replies":[{"embeddable":true,"href":"https:\/\/eldiariodesanpedro.com.ar\/sitio\/wp-json\/wp\/v2\/comments?post=39192"}],"version-history":[{"count":1,"href":"https:\/\/eldiariodesanpedro.com.ar\/sitio\/wp-json\/wp\/v2\/posts\/39192\/revisions"}],"predecessor-version":[{"id":39194,"href":"https:\/\/eldiariodesanpedro.com.ar\/sitio\/wp-json\/wp\/v2\/posts\/39192\/revisions\/39194"}],"wp:featuredmedia":[{"embeddable":true,"href":"https:\/\/eldiariodesanpedro.com.ar\/sitio\/wp-json\/wp\/v2\/media\/39193"}],"wp:attachment":[{"href":"https:\/\/eldiariodesanpedro.com.ar\/sitio\/wp-json\/wp\/v2\/media?parent=39192"}],"wp:term":[{"taxonomy":"category","embeddable":true,"href":"https:\/\/eldiariodesanpedro.com.ar\/sitio\/wp-json\/wp\/v2\/categories?post=39192"},{"taxonomy":"post_tag","embeddable":true,"href":"https:\/\/eldiariodesanpedro.com.ar\/sitio\/wp-json\/wp\/v2\/tags?post=39192"}],"curies":[{"name":"wp","href":"https:\/\/api.w.org\/{rel}","templated":true}]}}