{"id":39189,"date":"2018-08-28T17:05:49","date_gmt":"2018-08-28T20:05:49","guid":{"rendered":"https:\/\/eldiariodesanpedro.com.ar\/sitio\/?p=39189"},"modified":"2018-08-28T17:05:49","modified_gmt":"2018-08-28T20:05:49","slug":"hugo-mosteiro-entrego-una-donacion-a-bomberos-voluntarios","status":"publish","type":"post","link":"https:\/\/eldiariodesanpedro.com.ar\/sitio\/hugo-mosteiro-entrego-una-donacion-a-bomberos-voluntarios\/","title":{"rendered":"Hugo Mosteiro entreg\u00f3 una donaci\u00f3n a Bomberos Voluntarios"},"content":{"rendered":"<p><!-- VideographyWP Plugin Message: Automatic video embedding prevented by plugin options. --><br \/>\nLa Comisi\u00f3n Directiva de la Asociaci\u00f3n de Bomberos Voluntarios de San Pedro informar que en este lunes por la noche se hizo presente el Sr. Marcelo Mosteiro Secretario General del Sindicato de Empleados de Comercio de San Pedro quien hizo efectiva la donaci\u00f3n de $ 10.000 anunciada en el acto del 59\u00b0 aniversario de nuestra instituci\u00f3n.  <\/p>\n<p>La comisi\u00f3n agradece p\u00fablicamente est\u00e1 donaci\u00f3n muy especialmente y se siente muy feliz de este tipo de gesto solidario.  <\/p>\n","protected":false},"excerpt":{"rendered":"<p>La Comisi\u00f3n Directiva de la Asociaci\u00f3n de Bomberos Voluntarios de San Pedro informar que en este lunes por la noche se hizo presente el Sr. Marcelo Mosteiro Secretario General del Sindicato de Empleados de Comercio de San Pedro quien hizo efectiva la donaci\u00f3n de $ 10.000 anunciada en el acto del 59\u00b0 aniversario de nuestra [&hellip;]<\/p>\n","protected":false},"author":4,"featured_media":39190,"comment_status":"open","ping_status":"closed","sticky":false,"template":"","format":"standard","meta":{"om_disable_all_campaigns":false,"_jetpack_memberships_contains_paid_content":false,"footnotes":""},"categories":[101,2],"tags":[],"class_list":["post-39189","post","type-post","status-publish","format-standard","has-post-thumbnail","hentry","category-interes-general-locales","category-locales"],"aioseo_notices":[],"gutentor_comment":0,"jetpack_featured_media_url":"https:\/\/eldiariodesanpedro.com.ar\/sitio\/wp-content\/uploads\/2018\/08\/PAGINA-4.jpeg","jetpack_shortlink":"https:\/\/wp.me\/p6RhLt-ac5","jetpack_sharing_enabled":true,"_links":{"self":[{"href":"https:\/\/eldiariodesanpedro.com.ar\/sitio\/wp-json\/wp\/v2\/posts\/39189","targetHints":{"allow":["GET"]}}],"collection":[{"href":"https:\/\/eldiariodesanpedro.com.ar\/sitio\/wp-json\/wp\/v2\/posts"}],"about":[{"href":"https:\/\/eldiariodesanpedro.com.ar\/sitio\/wp-json\/wp\/v2\/types\/post"}],"author":[{"embeddable":true,"href":"https:\/\/eldiariodesanpedro.com.ar\/sitio\/wp-json\/wp\/v2\/users\/4"}],"replies":[{"embeddable":true,"href":"https:\/\/eldiariodesanpedro.com.ar\/sitio\/wp-json\/wp\/v2\/comments?post=39189"}],"version-history":[{"count":1,"href":"https:\/\/eldiariodesanpedro.com.ar\/sitio\/wp-json\/wp\/v2\/posts\/39189\/revisions"}],"predecessor-version":[{"id":39191,"href":"https:\/\/eldiariodesanpedro.com.ar\/sitio\/wp-json\/wp\/v2\/posts\/39189\/revisions\/39191"}],"wp:featuredmedia":[{"embeddable":true,"href":"https:\/\/eldiariodesanpedro.com.ar\/sitio\/wp-json\/wp\/v2\/media\/39190"}],"wp:attachment":[{"href":"https:\/\/eldiariodesanpedro.com.ar\/sitio\/wp-json\/wp\/v2\/media?parent=39189"}],"wp:term":[{"taxonomy":"category","embeddable":true,"href":"https:\/\/eldiariodesanpedro.com.ar\/sitio\/wp-json\/wp\/v2\/categories?post=39189"},{"taxonomy":"post_tag","embeddable":true,"href":"https:\/\/eldiariodesanpedro.com.ar\/sitio\/wp-json\/wp\/v2\/tags?post=39189"}],"curies":[{"name":"wp","href":"https:\/\/api.w.org\/{rel}","templated":true}]}}