{"id":39187,"date":"2018-08-28T16:52:51","date_gmt":"2018-08-28T19:52:51","guid":{"rendered":"https:\/\/eldiariodesanpedro.com.ar\/sitio\/?p=39187"},"modified":"2018-08-28T16:52:51","modified_gmt":"2018-08-28T19:52:51","slug":"corte-programado-para-manana","status":"publish","type":"post","link":"https:\/\/eldiariodesanpedro.com.ar\/sitio\/corte-programado-para-manana\/","title":{"rendered":"Corte Programado para ma\u00f1ana"},"content":{"rendered":"<p><!-- VideographyWP Plugin Message: Automatic video embedding prevented by plugin options. --><br \/>\nCOOPSER informa que ma\u00f1ana 29 de agosto se activar\u00e1 un corte de suministro el\u00e9ctrico por tareas de mantenimiento comprendiendo la zona del Camino al Aeroclub desde el 0 al 3000, Barrio El Escorial, Callej\u00f3n Soto &#8211; Pascual en su totalidad y Barrio Loteo Scazariello. Se extender\u00e1 desde las 8 a las 11 y en caso de mal tiempo ser\u00e1 reprogramado.<\/p>\n","protected":false},"excerpt":{"rendered":"<p>COOPSER informa que ma\u00f1ana 29 de agosto se activar\u00e1 un corte de suministro el\u00e9ctrico por tareas de mantenimiento comprendiendo la zona del Camino al Aeroclub desde el 0 al 3000, Barrio El Escorial, Callej\u00f3n Soto &#8211; Pascual en su totalidad y Barrio Loteo Scazariello. Se extender\u00e1 desde las 8 a las 11 y en caso [&hellip;]<\/p>\n","protected":false},"author":4,"featured_media":39021,"comment_status":"open","ping_status":"closed","sticky":false,"template":"","format":"standard","meta":{"om_disable_all_campaigns":false,"_jetpack_memberships_contains_paid_content":false,"footnotes":""},"categories":[101,2],"tags":[],"class_list":["post-39187","post","type-post","status-publish","format-standard","has-post-thumbnail","hentry","category-interes-general-locales","category-locales"],"aioseo_notices":[],"gutentor_comment":0,"jetpack_featured_media_url":"https:\/\/eldiariodesanpedro.com.ar\/sitio\/wp-content\/uploads\/2018\/08\/coopser_-_corte_de_luz_7.jpg","jetpack_shortlink":"https:\/\/wp.me\/p6RhLt-ac3","jetpack_sharing_enabled":true,"_links":{"self":[{"href":"https:\/\/eldiariodesanpedro.com.ar\/sitio\/wp-json\/wp\/v2\/posts\/39187","targetHints":{"allow":["GET"]}}],"collection":[{"href":"https:\/\/eldiariodesanpedro.com.ar\/sitio\/wp-json\/wp\/v2\/posts"}],"about":[{"href":"https:\/\/eldiariodesanpedro.com.ar\/sitio\/wp-json\/wp\/v2\/types\/post"}],"author":[{"embeddable":true,"href":"https:\/\/eldiariodesanpedro.com.ar\/sitio\/wp-json\/wp\/v2\/users\/4"}],"replies":[{"embeddable":true,"href":"https:\/\/eldiariodesanpedro.com.ar\/sitio\/wp-json\/wp\/v2\/comments?post=39187"}],"version-history":[{"count":1,"href":"https:\/\/eldiariodesanpedro.com.ar\/sitio\/wp-json\/wp\/v2\/posts\/39187\/revisions"}],"predecessor-version":[{"id":39188,"href":"https:\/\/eldiariodesanpedro.com.ar\/sitio\/wp-json\/wp\/v2\/posts\/39187\/revisions\/39188"}],"wp:featuredmedia":[{"embeddable":true,"href":"https:\/\/eldiariodesanpedro.com.ar\/sitio\/wp-json\/wp\/v2\/media\/39021"}],"wp:attachment":[{"href":"https:\/\/eldiariodesanpedro.com.ar\/sitio\/wp-json\/wp\/v2\/media?parent=39187"}],"wp:term":[{"taxonomy":"category","embeddable":true,"href":"https:\/\/eldiariodesanpedro.com.ar\/sitio\/wp-json\/wp\/v2\/categories?post=39187"},{"taxonomy":"post_tag","embeddable":true,"href":"https:\/\/eldiariodesanpedro.com.ar\/sitio\/wp-json\/wp\/v2\/tags?post=39187"}],"curies":[{"name":"wp","href":"https:\/\/api.w.org\/{rel}","templated":true}]}}