{"id":39175,"date":"2018-08-28T10:23:15","date_gmt":"2018-08-28T13:23:15","guid":{"rendered":"https:\/\/eldiariodesanpedro.com.ar\/sitio\/?p=39175"},"modified":"2018-08-28T10:23:15","modified_gmt":"2018-08-28T13:23:15","slug":"provincia-aunque-les-descuenten-el-dia-los-docentes-paran-por-72-horas-piden-un-aumento-digno","status":"publish","type":"post","link":"https:\/\/eldiariodesanpedro.com.ar\/sitio\/provincia-aunque-les-descuenten-el-dia-los-docentes-paran-por-72-horas-piden-un-aumento-digno\/","title":{"rendered":"PROVINCIA: Aunque les descuenten el d\u00eda, los docentes paran por 72 horas: piden \u00abun aumento digno\u00bb"},"content":{"rendered":"<p><!-- VideographyWP Plugin Message: Automatic video embedding prevented by plugin options. --><br \/>\nSe tensa el clima en la Provincia. Y luego de una nueva reuni\u00f3n paritaria fallida, los docentes bonaerenses realiza a partir de hoy un paro por 72 horas en rechazo de la oferta salarial expuesta por el Gobierno de Mar\u00eda Eugenia Vidal. Ya avisaron que descontar\u00e1n los d\u00edas no trabajados. <\/p>\n<p>Tras fracasar otra vez las negociaciones, los gremios docentes anunciaron d\u00edas atr\u00e1s la puesta en marcha de nuevas medidas de fuerza para esta semana y comunicaron de manera oficial su presencia en la marcha federal convocada para el jueves por los universitarios, que ayer tampoco consiguierion respuestas favorables de Naci\u00f3n.<\/p>\n<p>Vale destacar que el paro ser\u00e1 concretado por la convocatoria realizada por el Frente de Unidad de Docentes integrado por los gremios Suteba, Udocba, Feb, Sadop, Amet, ante el fracaso en las negociaciones salariales.<\/p>\n<p>Es importante se\u00f1alar que los sindicalistas se reunieron ayer en el marco de la comisi\u00f3n de insfraestructura del Ministerio de Educaci\u00f3n bonaerense y volvieron a pedir por un plan urgente de mejoras edilicias. \u00abLe quieren hacer creer a la sociedad que no hay recursos y que los trabajadores de la educaci\u00f3n est\u00e1n haciendo esto para desestabilizar al gobierno, pero eso es mentira\u00bb, dijo Roberto Baradel.<\/p>\n<p>Seg\u00fan dijo el barbado titular de Suteba, la gesti\u00f3n de Mar\u00eda Eugenia Vidal hab\u00eda anunciado que iba a lanzar un programa de contingencia por tendido el\u00e9ctrico, gas y peligro de derrumbe en las escuelas, pero a\u00fan no lo hizo y la situaci\u00f3n plantea \u00aburgencias\u00bb.<\/p>\n<p>En tanto, Eduardo Calvimonte, secretario general Suteba Mor\u00f3n dijo que \u00abel paro viene bien; van a haber setenta y dos horas de paro con alto acatamiento y con movilizaciones distritales y provinciales; el tema m\u00e1s preocupante en este momento es la desinversi\u00f3n en infraestructura en las escuelas\u00bb. <\/p>\n<p>\u00abEstamos muy movilizados por las dificultades que est\u00e1n apareciendo, producto de la falta de inversi\u00f3n; nosotros estamos en un distrito con un 50 por ciento de oferta educativa p\u00fablica y vemos c\u00f3mo se han deteriorado en estos dos a\u00f1os las escuelas p\u00fablicas de Mor\u00f3n\u00bb, agreg\u00f3.<\/p>\n<p>A su vez resalt\u00f3 que \u00aben General Rodr\u00edguez, Moreno y Merlo est\u00e1n teniendo muchas dificultades y hay muchos servicios educativos suspendidos por problemas con el gas, con electricidad, derrumbes y filtraciones.\u00bb<\/p>\n<p>Por su parte, el uno de Educaci\u00f3n, Gabriel S\u00e1nchez Zinny, se\u00f1al\u00f3 que \u00abel jueves pasado nos volvimos a reunir con los gremios y les hicimos una propuesta superadora de la anterior; la volvieron a rechazar y llamaron a tres d\u00edas de paro, sumado a todos los paros que ya han hecho el primer semestre y la lamentable p\u00e9rdida de clases de los chicos en la Provincia de Buenos Aires\u00bb. <\/p>\n<p>\u00abLa \u00faltima oferta fue de veinte punto siete por ciento hasta octubre; nosotros, a pesar del rechazo de los gremios, hemos ido adelantando dinero para sostener el poder adquisitivo de los docentes, y de hecho esta oferta tambi\u00e9n la estamos adelantando\u00bb, a\u00f1adi\u00f3 el funcionario en declaracionbes a Radio Milenium.<\/p>\n<p>LA ULTIMA OFERTA<br \/>\nEn cuanto a los n\u00fameros, el Gobierno de Vidal anunci\u00f3 el jueves pasado una nueva oferta salarial consistente en una mejora del 19 por ciento m\u00e1s 210 pesos de material did\u00e1ctico, pero fue rechazada.<\/p>\n<p>Pero los maestros dijeron \u00abno\u00bb, y llamaron a la huelga de tres d\u00edas con movilizaciones y asambleas, mientras el Gobierno bonaerense consider\u00f3 que la medida de fuerza es \u00abdescomunal\u00bb y  asegur\u00f3 que los d\u00edas no trabajados ser\u00e1n descontados, como  sucedi\u00f3 anteriormente.<\/p>\n<p>El paro, que ya hab\u00eda sido aprobado y estaba suspendido, fue anunciado luego de la reuni\u00f3n que el FUDB mantuvo con ministros de la administraci\u00f3n de Vidal.<\/p>\n<p>UNIVERSITARIOS<br \/>\nEn el marco de crisis educacional, el conflicto entre los docentes universitarios y el Gobierno sum\u00f3 ayer lunes un nuevo cap\u00edtulo, ya que el ministerio de Educaci\u00f3n, le propuso a los gremios  abonar un aumento del 15 por ciento a partir de septiembre y conformar una mesa t\u00e9cnica para analizar el resto del incremento. <\/p>\n<p>Sin embargo, los docentes rechazaron la oferta de la cartera que conduce Alejandro Fiocchiaro por considerarla insuficiente y ratificaron la marcha de este jueves en Plaza de Mayo. De la reuni\u00f3n participaron los seis gremios universitarios con representaci\u00f3n nacional: Conadu, Conadu Hist\u00f3rica, FEDUN, CTERA, UDA y Fagdut,<\/p>\n<p>Fuente: La Tecla<\/p>\n","protected":false},"excerpt":{"rendered":"<p>Se tensa el clima en la Provincia. Y luego de una nueva reuni\u00f3n paritaria fallida, los docentes bonaerenses realiza a partir de hoy un paro por 72 horas en rechazo de la oferta salarial expuesta por el Gobierno de Mar\u00eda Eugenia Vidal. Ya avisaron que descontar\u00e1n los d\u00edas no trabajados. Tras fracasar otra vez las [&hellip;]<\/p>\n","protected":false},"author":4,"featured_media":39176,"comment_status":"open","ping_status":"closed","sticky":false,"template":"","format":"standard","meta":{"om_disable_all_campaigns":false,"_jetpack_memberships_contains_paid_content":false,"footnotes":""},"categories":[621],"tags":[],"class_list":["post-39175","post","type-post","status-publish","format-standard","has-post-thumbnail","hentry","category-regionales"],"aioseo_notices":[],"gutentor_comment":0,"jetpack_featured_media_url":"https:\/\/eldiariodesanpedro.com.ar\/sitio\/wp-content\/uploads\/2018\/08\/87831_3.jpg","jetpack_shortlink":"https:\/\/wp.me\/p6RhLt-abR","jetpack_sharing_enabled":true,"_links":{"self":[{"href":"https:\/\/eldiariodesanpedro.com.ar\/sitio\/wp-json\/wp\/v2\/posts\/39175","targetHints":{"allow":["GET"]}}],"collection":[{"href":"https:\/\/eldiariodesanpedro.com.ar\/sitio\/wp-json\/wp\/v2\/posts"}],"about":[{"href":"https:\/\/eldiariodesanpedro.com.ar\/sitio\/wp-json\/wp\/v2\/types\/post"}],"author":[{"embeddable":true,"href":"https:\/\/eldiariodesanpedro.com.ar\/sitio\/wp-json\/wp\/v2\/users\/4"}],"replies":[{"embeddable":true,"href":"https:\/\/eldiariodesanpedro.com.ar\/sitio\/wp-json\/wp\/v2\/comments?post=39175"}],"version-history":[{"count":1,"href":"https:\/\/eldiariodesanpedro.com.ar\/sitio\/wp-json\/wp\/v2\/posts\/39175\/revisions"}],"predecessor-version":[{"id":39177,"href":"https:\/\/eldiariodesanpedro.com.ar\/sitio\/wp-json\/wp\/v2\/posts\/39175\/revisions\/39177"}],"wp:featuredmedia":[{"embeddable":true,"href":"https:\/\/eldiariodesanpedro.com.ar\/sitio\/wp-json\/wp\/v2\/media\/39176"}],"wp:attachment":[{"href":"https:\/\/eldiariodesanpedro.com.ar\/sitio\/wp-json\/wp\/v2\/media?parent=39175"}],"wp:term":[{"taxonomy":"category","embeddable":true,"href":"https:\/\/eldiariodesanpedro.com.ar\/sitio\/wp-json\/wp\/v2\/categories?post=39175"},{"taxonomy":"post_tag","embeddable":true,"href":"https:\/\/eldiariodesanpedro.com.ar\/sitio\/wp-json\/wp\/v2\/tags?post=39175"}],"curies":[{"name":"wp","href":"https:\/\/api.w.org\/{rel}","templated":true}]}}