{"id":39172,"date":"2018-08-28T10:19:48","date_gmt":"2018-08-28T13:19:48","guid":{"rendered":"https:\/\/eldiariodesanpedro.com.ar\/sitio\/?p=39172"},"modified":"2018-08-28T10:19:48","modified_gmt":"2018-08-28T13:19:48","slug":"zarate-investigacion-de-la-ddi-zarate-campana-permitio-detener-a-un-delincuente-que-robo-un-salon-de-eventos","status":"publish","type":"post","link":"https:\/\/eldiariodesanpedro.com.ar\/sitio\/zarate-investigacion-de-la-ddi-zarate-campana-permitio-detener-a-un-delincuente-que-robo-un-salon-de-eventos\/","title":{"rendered":"Z\u00c1RATE: Investigaci\u00f3n de la DDI Z\u00e1rate \u2013 Campana permiti\u00f3 detener a un delincuente que rob\u00f3 un sal\u00f3n de eventos"},"content":{"rendered":"<p><!-- VideographyWP Plugin Message: Automatic video embedding prevented by plugin options. --><br \/>\nUna investigaci\u00f3n realizada por la DDI Z\u00e1rate \u2013 Campana, con coordinaci\u00f3n del Ministerio de Seguridad de la Provincia de Buenos Aires, permiti\u00f3 identificar y detener a un sujeto imputado por el delito de \u201crobo por efracci\u00f3n\u201d, y tambi\u00e9n identificar a otros tres sospechosos mayores a los que se los investiga por su posible participaci\u00f3n.<\/p>\n<p>El hecho ocurri\u00f3 en Lima, cuando varios delincuentes ingresaron a un sal\u00f3n de eventos de calle 11 al 800 mediante la modalidad de escalamiento los d\u00edas 18 y 19 de este mes.<\/p>\n<p>Una vez dentro de las instalaciones se hicieron de varios electrodom\u00e9sticos, sospech\u00e1ndose as\u00ed que el imputado tuvo colaboraci\u00f3n de otras personas para llevarse tanta cantidad de objetos.<\/p>\n<p>Efectivos de la DDI Z\u00e1rate \u2013 Campana investigaron, analizaron filmaciones y recabaron testimonios, y lograron establecer la identidad de uno de ellos, un sujeto mayor de edad de 33 a\u00f1os y oriundo de la misma localidad.<\/p>\n<p>La justicia, a trav\u00e9s de la UFI del Dr. Alejandro Guti\u00e9rrez y el Juzgado de Garant\u00edas N\u00ba 2 a cargo del Dr. Julio Grassi, orden\u00f3 el allanamiento a su vivienda con resultados positivos.<\/p>\n<p>La investigaci\u00f3n contin\u00faa para detectar la identidad de sus c\u00f3mplices.<\/p>\n<p>Fuente: Enlace Critico<\/p>\n","protected":false},"excerpt":{"rendered":"<p>Una investigaci\u00f3n realizada por la DDI Z\u00e1rate \u2013 Campana, con coordinaci\u00f3n del Ministerio de Seguridad de la Provincia de Buenos Aires, permiti\u00f3 identificar y detener a un sujeto imputado por el delito de \u201crobo por efracci\u00f3n\u201d, y tambi\u00e9n identificar a otros tres sospechosos mayores a los que se los investiga por su posible participaci\u00f3n. El [&hellip;]<\/p>\n","protected":false},"author":4,"featured_media":39173,"comment_status":"open","ping_status":"closed","sticky":false,"template":"","format":"standard","meta":{"om_disable_all_campaigns":false,"_jetpack_memberships_contains_paid_content":false,"footnotes":""},"categories":[621],"tags":[],"class_list":["post-39172","post","type-post","status-publish","format-standard","has-post-thumbnail","hentry","category-regionales"],"aioseo_notices":[],"gutentor_comment":0,"jetpack_featured_media_url":"https:\/\/eldiariodesanpedro.com.ar\/sitio\/wp-content\/uploads\/2018\/08\/DDI-Allanamiento-21.jpg","jetpack_shortlink":"https:\/\/wp.me\/p6RhLt-abO","jetpack_sharing_enabled":true,"_links":{"self":[{"href":"https:\/\/eldiariodesanpedro.com.ar\/sitio\/wp-json\/wp\/v2\/posts\/39172","targetHints":{"allow":["GET"]}}],"collection":[{"href":"https:\/\/eldiariodesanpedro.com.ar\/sitio\/wp-json\/wp\/v2\/posts"}],"about":[{"href":"https:\/\/eldiariodesanpedro.com.ar\/sitio\/wp-json\/wp\/v2\/types\/post"}],"author":[{"embeddable":true,"href":"https:\/\/eldiariodesanpedro.com.ar\/sitio\/wp-json\/wp\/v2\/users\/4"}],"replies":[{"embeddable":true,"href":"https:\/\/eldiariodesanpedro.com.ar\/sitio\/wp-json\/wp\/v2\/comments?post=39172"}],"version-history":[{"count":1,"href":"https:\/\/eldiariodesanpedro.com.ar\/sitio\/wp-json\/wp\/v2\/posts\/39172\/revisions"}],"predecessor-version":[{"id":39174,"href":"https:\/\/eldiariodesanpedro.com.ar\/sitio\/wp-json\/wp\/v2\/posts\/39172\/revisions\/39174"}],"wp:featuredmedia":[{"embeddable":true,"href":"https:\/\/eldiariodesanpedro.com.ar\/sitio\/wp-json\/wp\/v2\/media\/39173"}],"wp:attachment":[{"href":"https:\/\/eldiariodesanpedro.com.ar\/sitio\/wp-json\/wp\/v2\/media?parent=39172"}],"wp:term":[{"taxonomy":"category","embeddable":true,"href":"https:\/\/eldiariodesanpedro.com.ar\/sitio\/wp-json\/wp\/v2\/categories?post=39172"},{"taxonomy":"post_tag","embeddable":true,"href":"https:\/\/eldiariodesanpedro.com.ar\/sitio\/wp-json\/wp\/v2\/tags?post=39172"}],"curies":[{"name":"wp","href":"https:\/\/api.w.org\/{rel}","templated":true}]}}