{"id":39166,"date":"2018-08-28T10:09:54","date_gmt":"2018-08-28T13:09:54","guid":{"rendered":"https:\/\/eldiariodesanpedro.com.ar\/sitio\/?p=39166"},"modified":"2018-08-28T10:09:54","modified_gmt":"2018-08-28T13:09:54","slug":"ramallo-municipales-piden-la-reapertura-de-paritarias","status":"publish","type":"post","link":"https:\/\/eldiariodesanpedro.com.ar\/sitio\/ramallo-municipales-piden-la-reapertura-de-paritarias\/","title":{"rendered":"RAMALLO: Municipales piden la reapertura de paritarias"},"content":{"rendered":"<p><!-- VideographyWP Plugin Message: Automatic video embedding prevented by plugin options. --><br \/>\na decisi\u00f3n del Intendente Municipal, Mauro Poletti, de adelantar el \u00faltimo aumento de salarios acordado en la paritaria, previsto para septiembre, fue celebrado por los gremios municipales.<\/p>\n<p>Se trata de un aumento de 6,5 puntos porcentuales, que estar\u00e1n incluidos en el sueldo de agosto. De esta manera se cumplimenta el aumento para el 2018, cerrado en un marzo pasado, donde se hab\u00eda fijado un aumento del 20,33%, a efectivizarse en tres cuotas: 6,5% en marzo, 3% en mayo y junio, y el restante 6,5% en septiembre. Un aumento muy superior al 15% que exig\u00eda el gobierno de la Gobernadora Mar\u00eda Eugenia Vidal para los municipios, atendiendo las metas inflacionarias previstas en el mismo porcentaje.<\/p>\n<p>Los principales gremios locales aplaudieron la medida, pero pidieron por la apertura nuevamente de la paritaria, de cara a los \u00faltimos meses del a\u00f1o, de acuerdo al \u00edndice de inflaci\u00f3n que proyectan desde el INDEC.<\/p>\n<p>ATE Ramallo emiti\u00f3 un comunicado de prensa, celebrando la iniciativa: \u201cDesde ATE Ramallo queremos informarles compa\u00f1eros que a partir del pedido formulado al Departamento Ejecutivo Municipal el pasado 11 de julio se decidi\u00f3 adelantar el aumento establecido en el inicio de a\u00f1o mediante un decreto\u201d, inform\u00f3 Adri\u00e1n Lescano, Secretario General de ATE Seccional Ramallo, Salto y Arrecifes.<\/p>\n<p>\u201cEs por ello que compartimos el decreto y esperamos poder reunirnos con el gobierno local en las pr\u00f3ximas semanas para retomar el dialogo y empezar a trabajar desde la paritaria municipal para buscar un nuevo aumento salarial como consecuencias de los aumentos desmedidos en la canasta b\u00e1sica le pedimos al Intendente Municipal Mauro Poletti la reapertura de las paritarias\u201d, indic\u00f3 Lescano.<\/p>\n<p>Adem\u00e1s, el titular de ATE remarco que \u201ccabe recordar que este incremento estaba previsto para el mes de octubre y valoramos el gesto del gobierno municipal comprendiendo la situaci\u00f3n inflacionaria que provoca el deterioro del salario de los trabajadores\u201d.<\/p>\n<p>\u201cPor tal motivo queremos volver a sentarnos a discutir salarios, frente a los aumentos de precios y al aceleramiento del proceso inflacionario\u201d, concluy\u00f3 el sindicalista.<\/p>\n<p>A este pedido de reapertura, se suma la propuesta del Sindicato de Obreros y Empleados Municipales (SOEM), que conduce Marta Oliveros. Desde esta entidad elevaron una nota meses atr\u00e1s solicitando el adelantamiento de la \u00faltima cuota, y la reapertura de la discusi\u00f3n salarial.<\/p>\n<p>Fuente: Ramallo Te Informa<\/p>\n","protected":false},"excerpt":{"rendered":"<p>a decisi\u00f3n del Intendente Municipal, Mauro Poletti, de adelantar el \u00faltimo aumento de salarios acordado en la paritaria, previsto para septiembre, fue celebrado por los gremios municipales. Se trata de un aumento de 6,5 puntos porcentuales, que estar\u00e1n incluidos en el sueldo de agosto. De esta manera se cumplimenta el aumento para el 2018, cerrado [&hellip;]<\/p>\n","protected":false},"author":4,"featured_media":39167,"comment_status":"open","ping_status":"closed","sticky":false,"template":"","format":"standard","meta":{"om_disable_all_campaigns":false,"_jetpack_memberships_contains_paid_content":false,"footnotes":""},"categories":[621],"tags":[],"class_list":["post-39166","post","type-post","status-publish","format-standard","has-post-thumbnail","hentry","category-regionales"],"aioseo_notices":[],"gutentor_comment":0,"jetpack_featured_media_url":"https:\/\/eldiariodesanpedro.com.ar\/sitio\/wp-content\/uploads\/2018\/08\/ATE-850x491.jpg","jetpack_shortlink":"https:\/\/wp.me\/p6RhLt-abI","jetpack_sharing_enabled":true,"_links":{"self":[{"href":"https:\/\/eldiariodesanpedro.com.ar\/sitio\/wp-json\/wp\/v2\/posts\/39166","targetHints":{"allow":["GET"]}}],"collection":[{"href":"https:\/\/eldiariodesanpedro.com.ar\/sitio\/wp-json\/wp\/v2\/posts"}],"about":[{"href":"https:\/\/eldiariodesanpedro.com.ar\/sitio\/wp-json\/wp\/v2\/types\/post"}],"author":[{"embeddable":true,"href":"https:\/\/eldiariodesanpedro.com.ar\/sitio\/wp-json\/wp\/v2\/users\/4"}],"replies":[{"embeddable":true,"href":"https:\/\/eldiariodesanpedro.com.ar\/sitio\/wp-json\/wp\/v2\/comments?post=39166"}],"version-history":[{"count":1,"href":"https:\/\/eldiariodesanpedro.com.ar\/sitio\/wp-json\/wp\/v2\/posts\/39166\/revisions"}],"predecessor-version":[{"id":39168,"href":"https:\/\/eldiariodesanpedro.com.ar\/sitio\/wp-json\/wp\/v2\/posts\/39166\/revisions\/39168"}],"wp:featuredmedia":[{"embeddable":true,"href":"https:\/\/eldiariodesanpedro.com.ar\/sitio\/wp-json\/wp\/v2\/media\/39167"}],"wp:attachment":[{"href":"https:\/\/eldiariodesanpedro.com.ar\/sitio\/wp-json\/wp\/v2\/media?parent=39166"}],"wp:term":[{"taxonomy":"category","embeddable":true,"href":"https:\/\/eldiariodesanpedro.com.ar\/sitio\/wp-json\/wp\/v2\/categories?post=39166"},{"taxonomy":"post_tag","embeddable":true,"href":"https:\/\/eldiariodesanpedro.com.ar\/sitio\/wp-json\/wp\/v2\/tags?post=39166"}],"curies":[{"name":"wp","href":"https:\/\/api.w.org\/{rel}","templated":true}]}}