{"id":39162,"date":"2018-08-28T10:05:43","date_gmt":"2018-08-28T13:05:43","guid":{"rendered":"https:\/\/eldiariodesanpedro.com.ar\/sitio\/?p=39162"},"modified":"2018-08-28T11:34:37","modified_gmt":"2018-08-28T14:34:37","slug":"una-mujer-fue-atacada-por-su-padre-en-el-barrio-9-de-julio","status":"publish","type":"post","link":"https:\/\/eldiariodesanpedro.com.ar\/sitio\/una-mujer-fue-atacada-por-su-padre-en-el-barrio-9-de-julio\/","title":{"rendered":"SAN NICOL\u00c1S: Una mujer fue atacada por su padre en el Barrio 9 de Julio"},"content":{"rendered":"<p><!-- VideographyWP Plugin Message: Automatic video embedding prevented by plugin options. --><br \/>\nUn terrible episodio de violencia familiar se vivi\u00f3 en un domicilio de barrio 9 de Julio, por calle Del Pozo, cuando en una pelea familiar, el padre, de 60 a\u00f1os, tom\u00f3 una cuchilla y atac\u00f3 a su hija hiri\u00e9ndola en el hombro, debiendo intervenir la polic\u00eda. Se repiten los hechos de violencia de g\u00e9nero.<\/p>\n<p>Lamentablemente los conflictos de \u00edndole familiar siguen en crecimiento y en muchas ocasiones superan la mera discusi\u00f3n verbal y terminan en graves agresiones que requieren de la presencia de las fuerzas policiales.<\/p>\n<p>Personal policial de la Comisar\u00cda Segunda, a ra\u00edz de un llamado al 911 que daba cuenta de una grave reyerta familiar, se hizo presente en el domicilio ubicado en calle Del Pozo, de barrio 9 de Julio, hall\u00e1ndose una mujer de 40 a\u00f1os con una herida sangrante pidiendo ayuda a los efectivos. La misma denunci\u00f3 que momentos antes mantuvo una discusi\u00f3n con su padre, de 60 a\u00f1os, y el mismo le efectu\u00f3,  mediante la utilizaci\u00f3n de un arma blanca, un corte a la altura del hombro. Se procedi\u00f3 a la aprehensi\u00f3n del sujeto denunciado y al secuestro de una cuchilla.<\/p>\n<p>La v\u00edctima fue trasladada al nosocomio local, por la ambulancia municipal.<\/p>\n<p>Se labraron actuaciones penales caratuladas \u201cLesiones leves\u201d, con intervenci\u00f3n de la Unidad Funcional de Instrucci\u00f3n n\u00b01 San Nicol\u00e1s, a cargo del Sr. Agente Fiscal Patricio Mujica D\u00edaz.<\/p>\n<p>A la pareja<br \/>\nAsimismo personal policial se constituy\u00f3 en una vivienda de calle Eva Per\u00f3n, tras suscitarse un conflicto familiar. En el  lugar los agentes procedieron a la aprehensi\u00f3n de un hombre de 35 a\u00f1os, quien momentos antes profiri\u00f3 amenazas de muerte a su pareja de 49 a\u00f1os, quien posteriormente fue trasladada a la Comisar\u00eda de la Mujer y la Flia. Se labraron actuaciones penales caratuladas \u201cAmenazas\u201d.<\/p>\n<p>Autolesiones<br \/>\nEste fin de semana ingres\u00f3 en la Guardia del Nosocomio local de zona norte, un hombre de 41 a\u00f1os, con una herida provocada por un arma blanca a la altura de t\u00f3rax sector derecho. El mismo manifest\u00f3 que se encontraba en su domicilio, y tras una discusi\u00f3n con su pareja, se autolesion\u00f3 con un cuchillo en la regi\u00f3n pectoral derecha.<\/p>\n<p>El mismo permanece internado en el hospital en observaci\u00f3n por la lesi\u00f3n. Se labraron actuaciones caratuladas \u201cLesiones\u201d.<\/p>\n<p>Contra la vecina<br \/>\nPersonal policial se constituy\u00f3 en un domicilio ubicado en calle Ben\u00edtez, donde procedieron a la aprehensi\u00f3n de un sujeto de 40 a\u00f1os, que momentos antes profiri\u00f3 insultos y amenazas a su vecina de 19 a\u00f1os. Los efectivos, al momento de entrevistarse con el acusado, \u00e9ste se torn\u00f3 agresivo y hostil con los mismos debiendo ser reducido. Se labraron actuaciones penales caratuladas \u201cAmenazas, resistencia a la autoridad\u201d, con intervenci\u00f3n de la Unidad Funcional de Instrucci\u00f3n n\u00b01 San Nicol\u00e1s, a cargo del Sr. Agente Fiscal Patricio Mujica D\u00edaz.<\/p>\n<p>rompetexto: La mujer denunci\u00f3 que mantuvo una discusi\u00f3n con su padre, de 60 a\u00f1os, y el mismo le efectu\u00f3,  mediante la utilizaci\u00f3n de un arma blanca, un corte a la altura del hombro.<\/p>\n<p>Fuente: Diario El Norte<\/p>\n","protected":false},"excerpt":{"rendered":"<p>Un terrible episodio de violencia familiar se vivi\u00f3 en un domicilio de barrio 9 de Julio, por calle Del Pozo, cuando en una pelea familiar, el padre, de 60 a\u00f1os, tom\u00f3 una cuchilla y atac\u00f3 a su hija hiri\u00e9ndola en el hombro, debiendo intervenir la polic\u00eda. Se repiten los hechos de violencia de g\u00e9nero. Lamentablemente [&hellip;]<\/p>\n","protected":false},"author":4,"featured_media":39163,"comment_status":"open","ping_status":"closed","sticky":false,"template":"","format":"standard","meta":{"om_disable_all_campaigns":false,"_jetpack_memberships_contains_paid_content":false,"footnotes":""},"categories":[621],"tags":[],"class_list":["post-39162","post","type-post","status-publish","format-standard","has-post-thumbnail","hentry","category-regionales"],"aioseo_notices":[],"gutentor_comment":0,"jetpack_featured_media_url":"https:\/\/eldiariodesanpedro.com.ar\/sitio\/wp-content\/uploads\/2018\/08\/elnorte5b850b843fd28_6-cuchillada-4x14.jpg","jetpack_shortlink":"https:\/\/wp.me\/p6RhLt-abE","jetpack_sharing_enabled":true,"_links":{"self":[{"href":"https:\/\/eldiariodesanpedro.com.ar\/sitio\/wp-json\/wp\/v2\/posts\/39162","targetHints":{"allow":["GET"]}}],"collection":[{"href":"https:\/\/eldiariodesanpedro.com.ar\/sitio\/wp-json\/wp\/v2\/posts"}],"about":[{"href":"https:\/\/eldiariodesanpedro.com.ar\/sitio\/wp-json\/wp\/v2\/types\/post"}],"author":[{"embeddable":true,"href":"https:\/\/eldiariodesanpedro.com.ar\/sitio\/wp-json\/wp\/v2\/users\/4"}],"replies":[{"embeddable":true,"href":"https:\/\/eldiariodesanpedro.com.ar\/sitio\/wp-json\/wp\/v2\/comments?post=39162"}],"version-history":[{"count":2,"href":"https:\/\/eldiariodesanpedro.com.ar\/sitio\/wp-json\/wp\/v2\/posts\/39162\/revisions"}],"predecessor-version":[{"id":39186,"href":"https:\/\/eldiariodesanpedro.com.ar\/sitio\/wp-json\/wp\/v2\/posts\/39162\/revisions\/39186"}],"wp:featuredmedia":[{"embeddable":true,"href":"https:\/\/eldiariodesanpedro.com.ar\/sitio\/wp-json\/wp\/v2\/media\/39163"}],"wp:attachment":[{"href":"https:\/\/eldiariodesanpedro.com.ar\/sitio\/wp-json\/wp\/v2\/media?parent=39162"}],"wp:term":[{"taxonomy":"category","embeddable":true,"href":"https:\/\/eldiariodesanpedro.com.ar\/sitio\/wp-json\/wp\/v2\/categories?post=39162"},{"taxonomy":"post_tag","embeddable":true,"href":"https:\/\/eldiariodesanpedro.com.ar\/sitio\/wp-json\/wp\/v2\/tags?post=39162"}],"curies":[{"name":"wp","href":"https:\/\/api.w.org\/{rel}","templated":true}]}}